{"id":467,"date":"2024-09-29T19:36:47","date_gmt":"2024-09-29T17:36:47","guid":{"rendered":"https:\/\/wgphoto.pl\/t\/?p=467"},"modified":"2024-09-29T19:36:47","modified_gmt":"2024-09-29T17:36:47","slug":"su46-051","status":"publish","type":"post","link":"https:\/\/wgphoto.pl\/t\/?p=467","title":{"rendered":"SU46-051"},"content":{"rendered":"\n<figure class=\"wp-block-image aligncenter size-full\"><img loading=\"lazy\" decoding=\"async\" width=\"1050\" height=\"697\" src=\"https:\/\/wgphoto.pl\/t\/wp-content\/uploads\/0303-26a.jpg\" alt=\"\" class=\"wp-image-468\" srcset=\"https:\/\/wgphoto.pl\/t\/wp-content\/uploads\/0303-26a.jpg 1050w, https:\/\/wgphoto.pl\/t\/wp-content\/uploads\/0303-26a-300x199.jpg 300w, https:\/\/wgphoto.pl\/t\/wp-content\/uploads\/0303-26a-768x510.jpg 768w\" sizes=\"auto, (max-width: 1050px) 100vw, 1050px\" \/><\/figure>\n\n\n\n<div class=\"wp-block-group has-global-padding is-layout-constrained wp-block-group-is-layout-constrained\">\n<p>Gdynia G\u0142\u00f3wna (jeszcze w\u00f3wczas) Osobowa. Poci\u0105g osobowy 90142 do Ko\u015bcierzyny oczekuje pory odjazdu. Pami\u0119tam, \u017ce schowa\u0142em si\u0119 do tego sk\u0142adu \u017ceby si\u0119 troch\u0119 ogrza\u0107 w oczekiwaniu na inny poci\u0105g i gdy zobaczy\u0142em t\u0119 mobiln\u0105 zamiatark\u0119 \u015bniegu wystrzeli\u0142em z wagonu \u017ceby to uwieczni\u0107. \ud83d\ude09 [06.02.2003]<\/p>\n<\/div>\n","protected":false},"excerpt":{"rendered":"<p>Gdynia G\u0142\u00f3wna (jeszcze w\u00f3wczas) Osobowa. Poci\u0105g osobowy 90142 do Ko\u015bcierzyny oczekuje pory odjazdu. Pami\u0119tam, \u017ce schowa\u0142em si\u0119 do tego sk\u0142adu \u017ceby si\u0119 troch\u0119 ogrza\u0107 w oczekiwaniu na inny poci\u0105g i gdy zobaczy\u0142em t\u0119 mobiln\u0105 zamiatark\u0119 \u015bniegu wystrzeli\u0142em z wagonu \u017ceby to uwieczni\u0107. \ud83d\ude09 [06.02.2003]<\/p>\n","protected":false},"author":1,"featured_media":468,"comment_status":"open","ping_status":"","sticky":false,"template":"","format":"standard","meta":{"footnotes":""},"categories":[62,2,149],"tags":[153,150,151,24,63,27,44,84,152],"class_list":["post-467","post","type-post","status-publish","format-standard","has-post-thumbnail","hentry","category-analog","category-kolej","category-rok-2003","tag-2003-02-06","tag-gdynia-glowna","tag-ludzie","tag-perony","tag-pkp","tag-polska","tag-snieg","tag-su46","tag-tab-pl440"],"_links":{"self":[{"href":"https:\/\/wgphoto.pl\/t\/index.php?rest_route=\/wp\/v2\/posts\/467","targetHints":{"allow":["GET"]}}],"collection":[{"href":"https:\/\/wgphoto.pl\/t\/index.php?rest_route=\/wp\/v2\/posts"}],"about":[{"href":"https:\/\/wgphoto.pl\/t\/index.php?rest_route=\/wp\/v2\/types\/post"}],"author":[{"embeddable":true,"href":"https:\/\/wgphoto.pl\/t\/index.php?rest_route=\/wp\/v2\/users\/1"}],"replies":[{"embeddable":true,"href":"https:\/\/wgphoto.pl\/t\/index.php?rest_route=%2Fwp%2Fv2%2Fcomments&post=467"}],"version-history":[{"count":1,"href":"https:\/\/wgphoto.pl\/t\/index.php?rest_route=\/wp\/v2\/posts\/467\/revisions"}],"predecessor-version":[{"id":469,"href":"https:\/\/wgphoto.pl\/t\/index.php?rest_route=\/wp\/v2\/posts\/467\/revisions\/469"}],"wp:featuredmedia":[{"embeddable":true,"href":"https:\/\/wgphoto.pl\/t\/index.php?rest_route=\/wp\/v2\/media\/468"}],"wp:attachment":[{"href":"https:\/\/wgphoto.pl\/t\/index.php?rest_route=%2Fwp%2Fv2%2Fmedia&parent=467"}],"wp:term":[{"taxonomy":"category","embeddable":true,"href":"https:\/\/wgphoto.pl\/t\/index.php?rest_route=%2Fwp%2Fv2%2Fcategories&post=467"},{"taxonomy":"post_tag","embeddable":true,"href":"https:\/\/wgphoto.pl\/t\/index.php?rest_route=%2Fwp%2Fv2%2Ftags&post=467"}],"curies":[{"name":"wp","href":"https:\/\/api.w.org\/{rel}","templated":true}]}}