{"id":4677,"date":"2024-11-03T17:59:39","date_gmt":"2024-11-03T16:59:39","guid":{"rendered":"https:\/\/wgphoto.pl\/t\/?p=4677"},"modified":"2024-11-03T17:59:39","modified_gmt":"2024-11-03T16:59:39","slug":"lipiny-2","status":"publish","type":"post","link":"https:\/\/wgphoto.pl\/t\/?p=4677","title":{"rendered":"Lipiny"},"content":{"rendered":"\n<figure class=\"wp-block-image aligncenter size-full\"><img loading=\"lazy\" decoding=\"async\" width=\"1300\" height=\"893\" src=\"https:\/\/wgphoto.pl\/t\/wp-content\/uploads\/2024\/11\/IMGP8534.jpg\" alt=\"\" class=\"wp-image-4678\" srcset=\"https:\/\/wgphoto.pl\/t\/wp-content\/uploads\/2024\/11\/IMGP8534.jpg 1300w, https:\/\/wgphoto.pl\/t\/wp-content\/uploads\/2024\/11\/IMGP8534-300x206.jpg 300w, https:\/\/wgphoto.pl\/t\/wp-content\/uploads\/2024\/11\/IMGP8534-768x528.jpg 768w\" sizes=\"auto, (max-width: 1300px) 100vw, 1300px\" \/><\/figure>\n\n\n\n<div class=\"wp-block-group has-global-padding is-layout-constrained wp-block-group-is-layout-constrained\">\n<p>\u015awi\u0119toch\u0142owice-Lipiny, ul. Norberta Barlickiego. Lipiny to takie Nadodrze w wersji hard, chocia\u017c dzi\u0119ki matkom z dzie\u0107mi id\u0105cymi za r\u0119ce na tym zdj\u0119ciu wygl\u0105da to ca\u0142kiem soft. Ale czy na pewno? Gdzie s\u0105 ojcowie? \ud83d\ude09 23.06.2020<\/p>\n<\/div>\n","protected":false},"excerpt":{"rendered":"<p>\u015awi\u0119toch\u0142owice-Lipiny, ul. Norberta Barlickiego. Lipiny to takie Nadodrze w wersji hard, chocia\u017c dzi\u0119ki matkom z dzie\u0107mi id\u0105cymi za r\u0119ce na tym zdj\u0119ciu wygl\u0105da to ca\u0142kiem soft. Ale czy na pewno? Gdzie s\u0105 ojcowie? \ud83d\ude09 23.06.2020<\/p>\n","protected":false},"author":1,"featured_media":4678,"comment_status":"open","ping_status":"","sticky":false,"template":"","format":"standard","meta":{"footnotes":""},"categories":[676,3],"tags":[155,1893,34,277,151,27,1091,279],"class_list":["post-4677","post","type-post","status-publish","format-standard","has-post-thumbnail","hentry","category-rok-2020","category-tramwaj","tag-105na","tag-2020-06-23","tag-architektura","tag-gop","tag-ludzie","tag-polska","tag-swietochlowice","tag-tramwaje-slaskie"],"_links":{"self":[{"href":"https:\/\/wgphoto.pl\/t\/index.php?rest_route=\/wp\/v2\/posts\/4677","targetHints":{"allow":["GET"]}}],"collection":[{"href":"https:\/\/wgphoto.pl\/t\/index.php?rest_route=\/wp\/v2\/posts"}],"about":[{"href":"https:\/\/wgphoto.pl\/t\/index.php?rest_route=\/wp\/v2\/types\/post"}],"author":[{"embeddable":true,"href":"https:\/\/wgphoto.pl\/t\/index.php?rest_route=\/wp\/v2\/users\/1"}],"replies":[{"embeddable":true,"href":"https:\/\/wgphoto.pl\/t\/index.php?rest_route=%2Fwp%2Fv2%2Fcomments&post=4677"}],"version-history":[{"count":1,"href":"https:\/\/wgphoto.pl\/t\/index.php?rest_route=\/wp\/v2\/posts\/4677\/revisions"}],"predecessor-version":[{"id":4679,"href":"https:\/\/wgphoto.pl\/t\/index.php?rest_route=\/wp\/v2\/posts\/4677\/revisions\/4679"}],"wp:featuredmedia":[{"embeddable":true,"href":"https:\/\/wgphoto.pl\/t\/index.php?rest_route=\/wp\/v2\/media\/4678"}],"wp:attachment":[{"href":"https:\/\/wgphoto.pl\/t\/index.php?rest_route=%2Fwp%2Fv2%2Fmedia&parent=4677"}],"wp:term":[{"taxonomy":"category","embeddable":true,"href":"https:\/\/wgphoto.pl\/t\/index.php?rest_route=%2Fwp%2Fv2%2Fcategories&post=4677"},{"taxonomy":"post_tag","embeddable":true,"href":"https:\/\/wgphoto.pl\/t\/index.php?rest_route=%2Fwp%2Fv2%2Ftags&post=4677"}],"curies":[{"name":"wp","href":"https:\/\/api.w.org\/{rel}","templated":true}]}}