{"id":4680,"date":"2024-11-03T18:00:44","date_gmt":"2024-11-03T17:00:44","guid":{"rendered":"https:\/\/wgphoto.pl\/t\/?p=4680"},"modified":"2024-11-03T18:00:44","modified_gmt":"2024-11-03T17:00:44","slug":"tramwaj-pod-palmami","status":"publish","type":"post","link":"https:\/\/wgphoto.pl\/t\/?p=4680","title":{"rendered":"Tramwaj pod palmami"},"content":{"rendered":"\n<figure class=\"wp-block-image aligncenter size-full\"><img loading=\"lazy\" decoding=\"async\" width=\"1300\" height=\"861\" src=\"https:\/\/wgphoto.pl\/t\/wp-content\/uploads\/2024\/11\/IMGP0398.jpg\" alt=\"\" class=\"wp-image-4681\" srcset=\"https:\/\/wgphoto.pl\/t\/wp-content\/uploads\/2024\/11\/IMGP0398.jpg 1300w, https:\/\/wgphoto.pl\/t\/wp-content\/uploads\/2024\/11\/IMGP0398-300x199.jpg 300w, https:\/\/wgphoto.pl\/t\/wp-content\/uploads\/2024\/11\/IMGP0398-768x509.jpg 768w\" sizes=\"auto, (max-width: 1300px) 100vw, 1300px\" \/><\/figure>\n\n\n\n<div class=\"wp-block-group has-global-padding is-layout-constrained wp-block-group-is-layout-constrained\">\n<p>Santa Cruz de Tenerife, Calle de Imeldo Ser\u00eds. Wagon nr 22 rozpoczyna kolejn\u0105 wspinaczk\u0119 z centrum do La Trinidad mijaj\u0105c palmy, kt\u00f3re dla niego s\u0105 codzienno\u015bci\u0105, a innym kojarz\u0105 si\u0119 z wakacjami. 05.11.2013<\/p>\n<\/div>\n","protected":false},"excerpt":{"rendered":"<p>Santa Cruz de Tenerife, Calle de Imeldo Ser\u00eds. Wagon nr 22 rozpoczyna kolejn\u0105 wspinaczk\u0119 z centrum do La Trinidad mijaj\u0105c palmy, kt\u00f3re dla niego s\u0105 codzienno\u015bci\u0105, a innym kojarz\u0105 si\u0119 z wakacjami. 05.11.2013<\/p>\n","protected":false},"author":1,"featured_media":4681,"comment_status":"open","ping_status":"","sticky":false,"template":"","format":"standard","meta":{"footnotes":""},"categories":[55,3],"tags":[1537,170,159,173,171,1113,172],"class_list":["post-4680","post","type-post","status-publish","format-standard","has-post-thumbnail","hentry","category-rok-2013","category-tramwaj","tag-2013-11-05","tag-alstom-citadis302","tag-hiszpania","tag-koncowki","tag-metropolitano-de-tenerife","tag-roslinnosc","tag-santa-cruz-de-tenerife"],"_links":{"self":[{"href":"https:\/\/wgphoto.pl\/t\/index.php?rest_route=\/wp\/v2\/posts\/4680","targetHints":{"allow":["GET"]}}],"collection":[{"href":"https:\/\/wgphoto.pl\/t\/index.php?rest_route=\/wp\/v2\/posts"}],"about":[{"href":"https:\/\/wgphoto.pl\/t\/index.php?rest_route=\/wp\/v2\/types\/post"}],"author":[{"embeddable":true,"href":"https:\/\/wgphoto.pl\/t\/index.php?rest_route=\/wp\/v2\/users\/1"}],"replies":[{"embeddable":true,"href":"https:\/\/wgphoto.pl\/t\/index.php?rest_route=%2Fwp%2Fv2%2Fcomments&post=4680"}],"version-history":[{"count":1,"href":"https:\/\/wgphoto.pl\/t\/index.php?rest_route=\/wp\/v2\/posts\/4680\/revisions"}],"predecessor-version":[{"id":4682,"href":"https:\/\/wgphoto.pl\/t\/index.php?rest_route=\/wp\/v2\/posts\/4680\/revisions\/4682"}],"wp:featuredmedia":[{"embeddable":true,"href":"https:\/\/wgphoto.pl\/t\/index.php?rest_route=\/wp\/v2\/media\/4681"}],"wp:attachment":[{"href":"https:\/\/wgphoto.pl\/t\/index.php?rest_route=%2Fwp%2Fv2%2Fmedia&parent=4680"}],"wp:term":[{"taxonomy":"category","embeddable":true,"href":"https:\/\/wgphoto.pl\/t\/index.php?rest_route=%2Fwp%2Fv2%2Fcategories&post=4680"},{"taxonomy":"post_tag","embeddable":true,"href":"https:\/\/wgphoto.pl\/t\/index.php?rest_route=%2Fwp%2Fv2%2Ftags&post=4680"}],"curies":[{"name":"wp","href":"https:\/\/api.w.org\/{rel}","templated":true}]}}