{"id":4683,"date":"2024-11-03T18:02:10","date_gmt":"2024-11-03T17:02:10","guid":{"rendered":"https:\/\/wgphoto.pl\/t\/?p=4683"},"modified":"2024-11-03T18:02:10","modified_gmt":"2024-11-03T17:02:10","slug":"aleja-wysp-kanaryjskich","status":"publish","type":"post","link":"https:\/\/wgphoto.pl\/t\/?p=4683","title":{"rendered":"Aleja Wysp Kanaryjskich"},"content":{"rendered":"\n<figure class=\"wp-block-image aligncenter size-full\"><img loading=\"lazy\" decoding=\"async\" width=\"1300\" height=\"861\" src=\"https:\/\/wgphoto.pl\/t\/wp-content\/uploads\/2024\/11\/IMGP0421-3.jpg\" alt=\"\" class=\"wp-image-4687\" srcset=\"https:\/\/wgphoto.pl\/t\/wp-content\/uploads\/2024\/11\/IMGP0421-3.jpg 1300w, https:\/\/wgphoto.pl\/t\/wp-content\/uploads\/2024\/11\/IMGP0421-3-300x199.jpg 300w, https:\/\/wgphoto.pl\/t\/wp-content\/uploads\/2024\/11\/IMGP0421-3-768x509.jpg 768w\" sizes=\"auto, (max-width: 1300px) 100vw, 1300px\" \/><\/figure>\n\n\n\n<div class=\"wp-block-group has-global-padding is-layout-constrained wp-block-group-is-layout-constrained\">\n<p>Santa Cruz de Tenerife, Avenida Islas Canarias. Wagon nr 04 wspi\u0105\u0142 si\u0119 ju\u017c na tyle wysoko, \u017ce na horyzoncie mo\u017cna ju\u017c zobaczy\u0107 wody oceanu. 05.11.2013<\/p>\n<\/div>\n","protected":false},"excerpt":{"rendered":"<p>Santa Cruz de Tenerife, Avenida Islas Canarias. Wagon nr 04 wspi\u0105\u0142 si\u0119 ju\u017c na tyle wysoko, \u017ce na horyzoncie mo\u017cna ju\u017c zobaczy\u0107 wody oceanu. 05.11.2013<\/p>\n","protected":false},"author":1,"featured_media":4687,"comment_status":"open","ping_status":"","sticky":false,"template":"","format":"standard","meta":{"footnotes":""},"categories":[55,3],"tags":[1537,170,159,171,116,172],"class_list":["post-4683","post","type-post","status-publish","format-standard","has-post-thumbnail","hentry","category-rok-2013","category-tramwaj","tag-2013-11-05","tag-alstom-citadis302","tag-hiszpania","tag-metropolitano-de-tenerife","tag-morze","tag-santa-cruz-de-tenerife"],"_links":{"self":[{"href":"https:\/\/wgphoto.pl\/t\/index.php?rest_route=\/wp\/v2\/posts\/4683","targetHints":{"allow":["GET"]}}],"collection":[{"href":"https:\/\/wgphoto.pl\/t\/index.php?rest_route=\/wp\/v2\/posts"}],"about":[{"href":"https:\/\/wgphoto.pl\/t\/index.php?rest_route=\/wp\/v2\/types\/post"}],"author":[{"embeddable":true,"href":"https:\/\/wgphoto.pl\/t\/index.php?rest_route=\/wp\/v2\/users\/1"}],"replies":[{"embeddable":true,"href":"https:\/\/wgphoto.pl\/t\/index.php?rest_route=%2Fwp%2Fv2%2Fcomments&post=4683"}],"version-history":[{"count":1,"href":"https:\/\/wgphoto.pl\/t\/index.php?rest_route=\/wp\/v2\/posts\/4683\/revisions"}],"predecessor-version":[{"id":4688,"href":"https:\/\/wgphoto.pl\/t\/index.php?rest_route=\/wp\/v2\/posts\/4683\/revisions\/4688"}],"wp:featuredmedia":[{"embeddable":true,"href":"https:\/\/wgphoto.pl\/t\/index.php?rest_route=\/wp\/v2\/media\/4687"}],"wp:attachment":[{"href":"https:\/\/wgphoto.pl\/t\/index.php?rest_route=%2Fwp%2Fv2%2Fmedia&parent=4683"}],"wp:term":[{"taxonomy":"category","embeddable":true,"href":"https:\/\/wgphoto.pl\/t\/index.php?rest_route=%2Fwp%2Fv2%2Fcategories&post=4683"},{"taxonomy":"post_tag","embeddable":true,"href":"https:\/\/wgphoto.pl\/t\/index.php?rest_route=%2Fwp%2Fv2%2Ftags&post=4683"}],"curies":[{"name":"wp","href":"https:\/\/api.w.org\/{rel}","templated":true}]}}