{"id":4693,"date":"2024-11-03T18:04:40","date_gmt":"2024-11-03T17:04:40","guid":{"rendered":"https:\/\/wgphoto.pl\/t\/?p=4693"},"modified":"2024-11-03T18:04:40","modified_gmt":"2024-11-03T17:04:40","slug":"polmetek","status":"publish","type":"post","link":"https:\/\/wgphoto.pl\/t\/?p=4693","title":{"rendered":"P\u00f3\u0142metek"},"content":{"rendered":"\n<figure class=\"wp-block-image aligncenter size-full\"><img loading=\"lazy\" decoding=\"async\" width=\"1300\" height=\"861\" src=\"https:\/\/wgphoto.pl\/t\/wp-content\/uploads\/2024\/11\/IMGP0669.jpg\" alt=\"\" class=\"wp-image-4694\" srcset=\"https:\/\/wgphoto.pl\/t\/wp-content\/uploads\/2024\/11\/IMGP0669.jpg 1300w, https:\/\/wgphoto.pl\/t\/wp-content\/uploads\/2024\/11\/IMGP0669-300x199.jpg 300w, https:\/\/wgphoto.pl\/t\/wp-content\/uploads\/2024\/11\/IMGP0669-768x509.jpg 768w\" sizes=\"auto, (max-width: 1300px) 100vw, 1300px\" \/><\/figure>\n\n\n\n<div class=\"wp-block-group has-global-padding is-layout-constrained wp-block-group-is-layout-constrained\">\n<p>Ostenda, Zeedijk. Wagon nr 6041 min\u0105\u0142 centrum Ostendy, le\u017c\u0105ce mniej wi\u0119cej na p\u00f3\u0142metku linii przybrze\u017cnego tramwaju, i gna wzd\u0142u\u017c morza na zach\u00f3d, do De Panne. 16.08.2018<\/p>\n<\/div>\n","protected":false},"excerpt":{"rendered":"<p>Ostenda, Zeedijk. Wagon nr 6041 min\u0105\u0142 centrum Ostendy, le\u017c\u0105ce mniej wi\u0119cej na p\u00f3\u0142metku linii przybrze\u017cnego tramwaju, i gna wzd\u0142u\u017c morza na zach\u00f3d, do De Panne. 16.08.2018<\/p>\n","protected":false},"author":1,"featured_media":4694,"comment_status":"open","ping_status":"","sticky":false,"template":"","format":"standard","meta":{"footnotes":""},"categories":[156,3],"tags":[1897,695,696,814,1415,1896,116,561],"class_list":["post-4693","post","type-post","status-publish","format-standard","has-post-thumbnail","hentry","category-rok-2018","category-tramwaj","tag-2018-08-16","tag-belgia","tag-belgia-2018","tag-bn-lrv","tag-de-lijn","tag-kusttram","tag-morze","tag-tramwaj-podmiejski"],"_links":{"self":[{"href":"https:\/\/wgphoto.pl\/t\/index.php?rest_route=\/wp\/v2\/posts\/4693","targetHints":{"allow":["GET"]}}],"collection":[{"href":"https:\/\/wgphoto.pl\/t\/index.php?rest_route=\/wp\/v2\/posts"}],"about":[{"href":"https:\/\/wgphoto.pl\/t\/index.php?rest_route=\/wp\/v2\/types\/post"}],"author":[{"embeddable":true,"href":"https:\/\/wgphoto.pl\/t\/index.php?rest_route=\/wp\/v2\/users\/1"}],"replies":[{"embeddable":true,"href":"https:\/\/wgphoto.pl\/t\/index.php?rest_route=%2Fwp%2Fv2%2Fcomments&post=4693"}],"version-history":[{"count":1,"href":"https:\/\/wgphoto.pl\/t\/index.php?rest_route=\/wp\/v2\/posts\/4693\/revisions"}],"predecessor-version":[{"id":4695,"href":"https:\/\/wgphoto.pl\/t\/index.php?rest_route=\/wp\/v2\/posts\/4693\/revisions\/4695"}],"wp:featuredmedia":[{"embeddable":true,"href":"https:\/\/wgphoto.pl\/t\/index.php?rest_route=\/wp\/v2\/media\/4694"}],"wp:attachment":[{"href":"https:\/\/wgphoto.pl\/t\/index.php?rest_route=%2Fwp%2Fv2%2Fmedia&parent=4693"}],"wp:term":[{"taxonomy":"category","embeddable":true,"href":"https:\/\/wgphoto.pl\/t\/index.php?rest_route=%2Fwp%2Fv2%2Fcategories&post=4693"},{"taxonomy":"post_tag","embeddable":true,"href":"https:\/\/wgphoto.pl\/t\/index.php?rest_route=%2Fwp%2Fv2%2Ftags&post=4693"}],"curies":[{"name":"wp","href":"https:\/\/api.w.org\/{rel}","templated":true}]}}