{"id":4696,"date":"2024-11-03T18:07:09","date_gmt":"2024-11-03T17:07:09","guid":{"rendered":"https:\/\/wgphoto.pl\/t\/?p=4696"},"modified":"2024-11-03T18:07:09","modified_gmt":"2024-11-03T17:07:09","slug":"wszystko-co-najlepsze","status":"publish","type":"post","link":"https:\/\/wgphoto.pl\/t\/?p=4696","title":{"rendered":"Wszystko co najlepsze"},"content":{"rendered":"\n<figure class=\"wp-block-image aligncenter size-full\"><img loading=\"lazy\" decoding=\"async\" width=\"1300\" height=\"861\" src=\"https:\/\/wgphoto.pl\/t\/wp-content\/uploads\/2024\/11\/IMGP9080.jpg\" alt=\"\" class=\"wp-image-4697\" srcset=\"https:\/\/wgphoto.pl\/t\/wp-content\/uploads\/2024\/11\/IMGP9080.jpg 1300w, https:\/\/wgphoto.pl\/t\/wp-content\/uploads\/2024\/11\/IMGP9080-300x199.jpg 300w, https:\/\/wgphoto.pl\/t\/wp-content\/uploads\/2024\/11\/IMGP9080-768x509.jpg 768w\" sizes=\"auto, (max-width: 1300px) 100vw, 1300px\" \/><\/figure>\n\n\n\n<div class=\"wp-block-group has-global-padding is-layout-constrained wp-block-group-is-layout-constrained\">\n<p>Plechacz 242.235-0 w klasycznym malowaniu manewruje w Jind\u0159ichovie Hradcu po przyprowadzeniu osob\u00f3wki z Vesel\u00ed nad Lu\u017enic\u00ed, mijaj\u0105c typow\u0105 czesk\u0105 poczekalni\u0119 na \u015bwie\u017cym powietrzu z nieco mniej typowym, zabytkowym zegarem. 26.07.2020<\/p>\n<\/div>\n","protected":false},"excerpt":{"rendered":"<p>Plechacz 242.235-0 w klasycznym malowaniu manewruje w Jind\u0159ichovie Hradcu po przyprowadzeniu osob\u00f3wki z Vesel\u00ed nad Lu\u017enic\u00ed, mijaj\u0105c typow\u0105 czesk\u0105 poczekalni\u0119 na \u015bwie\u017cym powietrzu z nieco mniej typowym, zabytkowym zegarem. 26.07.2020<\/p>\n","protected":false},"author":1,"featured_media":4697,"comment_status":"open","ping_status":"","sticky":false,"template":"","format":"standard","meta":{"footnotes":""},"categories":[2,676],"tags":[1890,305,50,49,1898,24,1829],"class_list":["post-4696","post","type-post","status-publish","format-standard","has-post-thumbnail","hentry","category-kolej","category-rok-2020","tag-2020-07-26","tag-305","tag-cd","tag-czechy","tag-jindrichuv-hradec","tag-perony","tag-tab-cz225"],"_links":{"self":[{"href":"https:\/\/wgphoto.pl\/t\/index.php?rest_route=\/wp\/v2\/posts\/4696","targetHints":{"allow":["GET"]}}],"collection":[{"href":"https:\/\/wgphoto.pl\/t\/index.php?rest_route=\/wp\/v2\/posts"}],"about":[{"href":"https:\/\/wgphoto.pl\/t\/index.php?rest_route=\/wp\/v2\/types\/post"}],"author":[{"embeddable":true,"href":"https:\/\/wgphoto.pl\/t\/index.php?rest_route=\/wp\/v2\/users\/1"}],"replies":[{"embeddable":true,"href":"https:\/\/wgphoto.pl\/t\/index.php?rest_route=%2Fwp%2Fv2%2Fcomments&post=4696"}],"version-history":[{"count":1,"href":"https:\/\/wgphoto.pl\/t\/index.php?rest_route=\/wp\/v2\/posts\/4696\/revisions"}],"predecessor-version":[{"id":4698,"href":"https:\/\/wgphoto.pl\/t\/index.php?rest_route=\/wp\/v2\/posts\/4696\/revisions\/4698"}],"wp:featuredmedia":[{"embeddable":true,"href":"https:\/\/wgphoto.pl\/t\/index.php?rest_route=\/wp\/v2\/media\/4697"}],"wp:attachment":[{"href":"https:\/\/wgphoto.pl\/t\/index.php?rest_route=%2Fwp%2Fv2%2Fmedia&parent=4696"}],"wp:term":[{"taxonomy":"category","embeddable":true,"href":"https:\/\/wgphoto.pl\/t\/index.php?rest_route=%2Fwp%2Fv2%2Fcategories&post=4696"},{"taxonomy":"post_tag","embeddable":true,"href":"https:\/\/wgphoto.pl\/t\/index.php?rest_route=%2Fwp%2Fv2%2Ftags&post=4696"}],"curies":[{"name":"wp","href":"https:\/\/api.w.org\/{rel}","templated":true}]}}