{"id":4712,"date":"2024-11-03T18:13:08","date_gmt":"2024-11-03T17:13:08","guid":{"rendered":"https:\/\/wgphoto.pl\/t\/?p=4712"},"modified":"2024-11-03T18:13:08","modified_gmt":"2024-11-03T17:13:08","slug":"pociag-w-miescie","status":"publish","type":"post","link":"https:\/\/wgphoto.pl\/t\/?p=4712","title":{"rendered":"Poci\u0105g w mie\u015bcie"},"content":{"rendered":"\n<figure class=\"wp-block-image aligncenter size-full\"><img loading=\"lazy\" decoding=\"async\" width=\"1300\" height=\"867\" src=\"https:\/\/wgphoto.pl\/t\/wp-content\/uploads\/2024\/11\/0723-10.jpg\" alt=\"\" class=\"wp-image-4713\" srcset=\"https:\/\/wgphoto.pl\/t\/wp-content\/uploads\/2024\/11\/0723-10.jpg 1300w, https:\/\/wgphoto.pl\/t\/wp-content\/uploads\/2024\/11\/0723-10-300x200.jpg 300w, https:\/\/wgphoto.pl\/t\/wp-content\/uploads\/2024\/11\/0723-10-768x512.jpg 768w\" sizes=\"auto, (max-width: 1300px) 100vw, 1300px\" \/><\/figure>\n\n\n\n<div class=\"wp-block-group has-global-padding is-layout-constrained wp-block-group-is-layout-constrained\">\n<p>\u2026albo i na przedmie\u015bciu. SU45-208 z poci\u0105giem osobowym 5520 relacji Malbork &#8211; Toru\u0144 G\u0142. zaraz zatrzyma si\u0119 na przystanku Grudzi\u0105dz Przedmie\u015bcie. 22.08.2007<\/p>\n<\/div>\n","protected":false},"excerpt":{"rendered":"<p>\u2026albo i na przedmie\u015bciu. SU45-208 z poci\u0105giem osobowym 5520 relacji Malbork &#8211; Toru\u0144 G\u0142. zaraz zatrzyma si\u0119 na przystanku Grudzi\u0105dz Przedmie\u015bcie. 22.08.2007<\/p>\n","protected":false},"author":1,"featured_media":4713,"comment_status":"open","ping_status":"","sticky":false,"template":"","format":"standard","meta":{"footnotes":""},"categories":[62,2,96],"tags":[794,915,1901,63,290,1512],"class_list":["post-4712","post","type-post","status-publish","format-standard","has-post-thumbnail","hentry","category-analog","category-kolej","category-rok-2007","tag-2007-08-22","tag-grudziadz","tag-grudziadz-przedmiescie","tag-pkp","tag-su45","tag-tab-pl415"],"_links":{"self":[{"href":"https:\/\/wgphoto.pl\/t\/index.php?rest_route=\/wp\/v2\/posts\/4712","targetHints":{"allow":["GET"]}}],"collection":[{"href":"https:\/\/wgphoto.pl\/t\/index.php?rest_route=\/wp\/v2\/posts"}],"about":[{"href":"https:\/\/wgphoto.pl\/t\/index.php?rest_route=\/wp\/v2\/types\/post"}],"author":[{"embeddable":true,"href":"https:\/\/wgphoto.pl\/t\/index.php?rest_route=\/wp\/v2\/users\/1"}],"replies":[{"embeddable":true,"href":"https:\/\/wgphoto.pl\/t\/index.php?rest_route=%2Fwp%2Fv2%2Fcomments&post=4712"}],"version-history":[{"count":1,"href":"https:\/\/wgphoto.pl\/t\/index.php?rest_route=\/wp\/v2\/posts\/4712\/revisions"}],"predecessor-version":[{"id":4714,"href":"https:\/\/wgphoto.pl\/t\/index.php?rest_route=\/wp\/v2\/posts\/4712\/revisions\/4714"}],"wp:featuredmedia":[{"embeddable":true,"href":"https:\/\/wgphoto.pl\/t\/index.php?rest_route=\/wp\/v2\/media\/4713"}],"wp:attachment":[{"href":"https:\/\/wgphoto.pl\/t\/index.php?rest_route=%2Fwp%2Fv2%2Fmedia&parent=4712"}],"wp:term":[{"taxonomy":"category","embeddable":true,"href":"https:\/\/wgphoto.pl\/t\/index.php?rest_route=%2Fwp%2Fv2%2Fcategories&post=4712"},{"taxonomy":"post_tag","embeddable":true,"href":"https:\/\/wgphoto.pl\/t\/index.php?rest_route=%2Fwp%2Fv2%2Ftags&post=4712"}],"curies":[{"name":"wp","href":"https:\/\/api.w.org\/{rel}","templated":true}]}}