{"id":473,"date":"2024-09-29T19:41:17","date_gmt":"2024-09-29T17:41:17","guid":{"rendered":"https:\/\/wgphoto.pl\/t\/?p=473"},"modified":"2024-09-29T19:41:43","modified_gmt":"2024-09-29T17:41:43","slug":"priorytet-na-rondzie","status":"publish","type":"post","link":"https:\/\/wgphoto.pl\/t\/?p=473","title":{"rendered":"Priorytet na rondzie"},"content":{"rendered":"\n<figure class=\"wp-block-image aligncenter size-full\"><img loading=\"lazy\" decoding=\"async\" width=\"1200\" height=\"795\" src=\"https:\/\/wgphoto.pl\/t\/wp-content\/uploads\/IMGP2370.jpg\" alt=\"\" class=\"wp-image-474\" srcset=\"https:\/\/wgphoto.pl\/t\/wp-content\/uploads\/IMGP2370.jpg 1200w, https:\/\/wgphoto.pl\/t\/wp-content\/uploads\/IMGP2370-300x199.jpg 300w, https:\/\/wgphoto.pl\/t\/wp-content\/uploads\/IMGP2370-768x509.jpg 768w\" sizes=\"auto, (max-width: 1200px) 100vw, 1200px\" \/><\/figure>\n\n\n\n<div class=\"wp-block-group has-global-padding is-layout-constrained wp-block-group-is-layout-constrained\">\n<p>Granada, bezimienne rondo na skr\u0119cie w Calle Darwin. Metrotramwaj ma pe\u0142en priorytet, wi\u0119c pozosta\u0142e pojazdy grzecznie stoj\u0105. A w tle, gdyby nie te chmury, by\u0142by pi\u0119kny widok na g\u00f3ry Sierra Nevada. [19.11.2018]<\/p>\n<\/div>\n","protected":false},"excerpt":{"rendered":"<p>Granada, bezimienne rondo na skr\u0119cie w Calle Darwin. Metrotramwaj ma pe\u0142en priorytet, wi\u0119c pozosta\u0142e pojazdy grzecznie stoj\u0105. A w tle, gdyby nie te chmury, by\u0142by pi\u0119kny widok na g\u00f3ry Sierra Nevada. [19.11.2018]<\/p>\n","protected":false},"author":1,"featured_media":474,"comment_status":"open","ping_status":"","sticky":false,"template":"","format":"standard","meta":{"footnotes":""},"categories":[156,3],"tags":[163,157,13,114,158,159,160,113,161,162],"class_list":["post-473","post","type-post","status-publish","format-standard","has-post-thumbnail","hentry","category-rok-2018","category-tramwaj","tag-2018-11-19","tag-caf-urbos","tag-deszcz","tag-gory","tag-granada","tag-hiszpania","tag-hiszpania-2018","tag-landszaft","tag-metro-de-granada","tag-niebo"],"_links":{"self":[{"href":"https:\/\/wgphoto.pl\/t\/index.php?rest_route=\/wp\/v2\/posts\/473","targetHints":{"allow":["GET"]}}],"collection":[{"href":"https:\/\/wgphoto.pl\/t\/index.php?rest_route=\/wp\/v2\/posts"}],"about":[{"href":"https:\/\/wgphoto.pl\/t\/index.php?rest_route=\/wp\/v2\/types\/post"}],"author":[{"embeddable":true,"href":"https:\/\/wgphoto.pl\/t\/index.php?rest_route=\/wp\/v2\/users\/1"}],"replies":[{"embeddable":true,"href":"https:\/\/wgphoto.pl\/t\/index.php?rest_route=%2Fwp%2Fv2%2Fcomments&post=473"}],"version-history":[{"count":1,"href":"https:\/\/wgphoto.pl\/t\/index.php?rest_route=\/wp\/v2\/posts\/473\/revisions"}],"predecessor-version":[{"id":475,"href":"https:\/\/wgphoto.pl\/t\/index.php?rest_route=\/wp\/v2\/posts\/473\/revisions\/475"}],"wp:featuredmedia":[{"embeddable":true,"href":"https:\/\/wgphoto.pl\/t\/index.php?rest_route=\/wp\/v2\/media\/474"}],"wp:attachment":[{"href":"https:\/\/wgphoto.pl\/t\/index.php?rest_route=%2Fwp%2Fv2%2Fmedia&parent=473"}],"wp:term":[{"taxonomy":"category","embeddable":true,"href":"https:\/\/wgphoto.pl\/t\/index.php?rest_route=%2Fwp%2Fv2%2Fcategories&post=473"},{"taxonomy":"post_tag","embeddable":true,"href":"https:\/\/wgphoto.pl\/t\/index.php?rest_route=%2Fwp%2Fv2%2Ftags&post=473"}],"curies":[{"name":"wp","href":"https:\/\/api.w.org\/{rel}","templated":true}]}}