{"id":4758,"date":"2024-11-03T19:05:53","date_gmt":"2024-11-03T18:05:53","guid":{"rendered":"https:\/\/wgphoto.pl\/t\/?p=4758"},"modified":"2024-11-03T19:05:53","modified_gmt":"2024-11-03T18:05:53","slug":"na-otarcie-lez","status":"publish","type":"post","link":"https:\/\/wgphoto.pl\/t\/?p=4758","title":{"rendered":"Na otarcie \u0142ez"},"content":{"rendered":"\n<figure class=\"wp-block-image aligncenter size-full\"><img loading=\"lazy\" decoding=\"async\" width=\"1300\" height=\"861\" src=\"https:\/\/wgphoto.pl\/t\/wp-content\/uploads\/2024\/11\/IMGP9267.jpg\" alt=\"\" class=\"wp-image-4759\" srcset=\"https:\/\/wgphoto.pl\/t\/wp-content\/uploads\/2024\/11\/IMGP9267.jpg 1300w, https:\/\/wgphoto.pl\/t\/wp-content\/uploads\/2024\/11\/IMGP9267-300x199.jpg 300w, https:\/\/wgphoto.pl\/t\/wp-content\/uploads\/2024\/11\/IMGP9267-768x509.jpg 768w\" sizes=\"auto, (max-width: 1300px) 100vw, 1300px\" \/><\/figure>\n\n\n\n<div class=\"wp-block-group has-global-padding is-layout-constrained wp-block-group-is-layout-constrained\">\n<p>Laminatka 240.022-4 za chwil\u0119 odjedzie ze stacji Koz\u00e1rovce z op\u00f3\u017anionym ponad p\u00f3\u0142 godziny poci\u0105giem osobowym relacji Nov\u00e1 Ba\u0148a &#8211; Nov\u00e9 Z\u00e1mky (planowo ze Zvolena; skr\u00f3cona relacja z powodu v\u00fdluky). Organizacja przewoz\u00f3w na czas zamkni\u0119cia jednotorowego szlaku oraz defekt lokomotywy na rychliku, kt\u00f3rym jecha\u0142em (lecz na tej stacji wymi\u0119k\u0142em, co kiedy\u015b pewnie opisz\u0119 pod stosownym zdj\u0119ciem) pokrzy\u017cowa\u0142y mi plany na ca\u0142e popo\u0142udnie, ale na otarcie \u0142ez przyjecha\u0142a ta pi\u0119kna lokomotywa. 11.08.2020<\/p>\n<\/div>\n","protected":false},"excerpt":{"rendered":"<p>Laminatka 240.022-4 za chwil\u0119 odjedzie ze stacji Koz\u00e1rovce z op\u00f3\u017anionym ponad p\u00f3\u0142 godziny poci\u0105giem osobowym relacji Nov\u00e1 Ba\u0148a &#8211; Nov\u00e9 Z\u00e1mky (planowo ze Zvolena; skr\u00f3cona relacja z powodu v\u00fdluky). Organizacja przewoz\u00f3w na czas zamkni\u0119cia jednotorowego szlaku oraz defekt lokomotywy na rychliku, kt\u00f3rym jecha\u0142em (lecz na tej stacji wymi\u0119k\u0142em, co kiedy\u015b pewnie opisz\u0119 pod stosownym zdj\u0119ciem) [&hellip;]<\/p>\n","protected":false},"author":1,"featured_media":4759,"comment_status":"open","ping_status":"","sticky":false,"template":"","format":"standard","meta":{"footnotes":""},"categories":[2,676],"tags":[1915,1913,114,1914,151,678,675,469],"class_list":["post-4758","post","type-post","status-publish","format-standard","has-post-thumbnail","hentry","category-kolej","category-rok-2020","tag-2020-08-11","tag-1913","tag-gory","tag-kozarovce","tag-ludzie","tag-slovensko-uhersko-2020","tag-slowacja","tag-zssk"],"_links":{"self":[{"href":"https:\/\/wgphoto.pl\/t\/index.php?rest_route=\/wp\/v2\/posts\/4758","targetHints":{"allow":["GET"]}}],"collection":[{"href":"https:\/\/wgphoto.pl\/t\/index.php?rest_route=\/wp\/v2\/posts"}],"about":[{"href":"https:\/\/wgphoto.pl\/t\/index.php?rest_route=\/wp\/v2\/types\/post"}],"author":[{"embeddable":true,"href":"https:\/\/wgphoto.pl\/t\/index.php?rest_route=\/wp\/v2\/users\/1"}],"replies":[{"embeddable":true,"href":"https:\/\/wgphoto.pl\/t\/index.php?rest_route=%2Fwp%2Fv2%2Fcomments&post=4758"}],"version-history":[{"count":1,"href":"https:\/\/wgphoto.pl\/t\/index.php?rest_route=\/wp\/v2\/posts\/4758\/revisions"}],"predecessor-version":[{"id":4760,"href":"https:\/\/wgphoto.pl\/t\/index.php?rest_route=\/wp\/v2\/posts\/4758\/revisions\/4760"}],"wp:featuredmedia":[{"embeddable":true,"href":"https:\/\/wgphoto.pl\/t\/index.php?rest_route=\/wp\/v2\/media\/4759"}],"wp:attachment":[{"href":"https:\/\/wgphoto.pl\/t\/index.php?rest_route=%2Fwp%2Fv2%2Fmedia&parent=4758"}],"wp:term":[{"taxonomy":"category","embeddable":true,"href":"https:\/\/wgphoto.pl\/t\/index.php?rest_route=%2Fwp%2Fv2%2Fcategories&post=4758"},{"taxonomy":"post_tag","embeddable":true,"href":"https:\/\/wgphoto.pl\/t\/index.php?rest_route=%2Fwp%2Fv2%2Ftags&post=4758"}],"curies":[{"name":"wp","href":"https:\/\/api.w.org\/{rel}","templated":true}]}}