{"id":476,"date":"2024-09-29T19:44:59","date_gmt":"2024-09-29T17:44:59","guid":{"rendered":"https:\/\/wgphoto.pl\/t\/?p=476"},"modified":"2024-09-29T19:45:22","modified_gmt":"2024-09-29T17:45:22","slug":"lepiej-nie-bedzie","status":"publish","type":"post","link":"https:\/\/wgphoto.pl\/t\/?p=476","title":{"rendered":"Lepiej nie b\u0119dzie"},"content":{"rendered":"\n<figure class=\"wp-block-image aligncenter size-full\"><img loading=\"lazy\" decoding=\"async\" width=\"1200\" height=\"803\" src=\"https:\/\/wgphoto.pl\/t\/wp-content\/uploads\/IMGP8392.jpg\" alt=\"\" class=\"wp-image-477\" srcset=\"https:\/\/wgphoto.pl\/t\/wp-content\/uploads\/IMGP8392.jpg 1200w, https:\/\/wgphoto.pl\/t\/wp-content\/uploads\/IMGP8392-300x201.jpg 300w, https:\/\/wgphoto.pl\/t\/wp-content\/uploads\/IMGP8392-768x514.jpg 768w\" sizes=\"auto, (max-width: 1200px) 100vw, 1200px\" \/><\/figure>\n\n\n\n<div class=\"wp-block-group has-global-padding is-layout-constrained wp-block-group-is-layout-constrained\">\n<p>Spotkaniu ST43-132 i 751 041-5 w G\u0142ucho\u0142azach towarzyszy\u0142o wysoce nieatrakcyjne \u015bwiat\u0142o, spot\u0119gowane grzybem wewn\u0105trz obiektywu. Szansy na powt\u00f3rk\u0119 ju\u017c nie b\u0119dzie. \ud83d\ude09 [07.08.2009]<\/p>\n<\/div>\n","protected":false},"excerpt":{"rendered":"<p>Spotkaniu ST43-132 i 751 041-5 w G\u0142ucho\u0142azach towarzyszy\u0142o wysoce nieatrakcyjne \u015bwiat\u0142o, spot\u0119gowane grzybem wewn\u0105trz obiektywu. Szansy na powt\u00f3rk\u0119 ju\u017c nie b\u0119dzie. \ud83d\ude09 [07.08.2009]<\/p>\n","protected":false},"author":1,"featured_media":477,"comment_status":"open","ping_status":"","sticky":false,"template":"","format":"standard","meta":{"footnotes":""},"categories":[2,169],"tags":[168,164,50,165,114,63,27,64,53,167,166],"class_list":["post-476","post","type-post","status-publish","format-standard","has-post-thumbnail","hentry","category-kolej","category-rok-2009","tag-2009-08-07","tag-164","tag-cd","tag-glucholazy","tag-gory","tag-pkp","tag-polska","tag-st43","tag-sygnalizacja-ksztaltowa","tag-tab-cz292","tag-tab-pl203"],"_links":{"self":[{"href":"https:\/\/wgphoto.pl\/t\/index.php?rest_route=\/wp\/v2\/posts\/476","targetHints":{"allow":["GET"]}}],"collection":[{"href":"https:\/\/wgphoto.pl\/t\/index.php?rest_route=\/wp\/v2\/posts"}],"about":[{"href":"https:\/\/wgphoto.pl\/t\/index.php?rest_route=\/wp\/v2\/types\/post"}],"author":[{"embeddable":true,"href":"https:\/\/wgphoto.pl\/t\/index.php?rest_route=\/wp\/v2\/users\/1"}],"replies":[{"embeddable":true,"href":"https:\/\/wgphoto.pl\/t\/index.php?rest_route=%2Fwp%2Fv2%2Fcomments&post=476"}],"version-history":[{"count":1,"href":"https:\/\/wgphoto.pl\/t\/index.php?rest_route=\/wp\/v2\/posts\/476\/revisions"}],"predecessor-version":[{"id":478,"href":"https:\/\/wgphoto.pl\/t\/index.php?rest_route=\/wp\/v2\/posts\/476\/revisions\/478"}],"wp:featuredmedia":[{"embeddable":true,"href":"https:\/\/wgphoto.pl\/t\/index.php?rest_route=\/wp\/v2\/media\/477"}],"wp:attachment":[{"href":"https:\/\/wgphoto.pl\/t\/index.php?rest_route=%2Fwp%2Fv2%2Fmedia&parent=476"}],"wp:term":[{"taxonomy":"category","embeddable":true,"href":"https:\/\/wgphoto.pl\/t\/index.php?rest_route=%2Fwp%2Fv2%2Fcategories&post=476"},{"taxonomy":"post_tag","embeddable":true,"href":"https:\/\/wgphoto.pl\/t\/index.php?rest_route=%2Fwp%2Fv2%2Ftags&post=476"}],"curies":[{"name":"wp","href":"https:\/\/api.w.org\/{rel}","templated":true}]}}