{"id":479,"date":"2024-09-29T19:57:07","date_gmt":"2024-09-29T17:57:07","guid":{"rendered":"https:\/\/wgphoto.pl\/t\/?p=479"},"modified":"2024-09-29T19:57:07","modified_gmt":"2024-09-29T17:57:07","slug":"tramwaj-z-widokiem","status":"publish","type":"post","link":"https:\/\/wgphoto.pl\/t\/?p=479","title":{"rendered":"Tramwaj z widokiem"},"content":{"rendered":"\n<figure class=\"wp-block-image aligncenter size-full\"><img loading=\"lazy\" decoding=\"async\" width=\"1200\" height=\"800\" src=\"https:\/\/wgphoto.pl\/t\/wp-content\/uploads\/IMGP0564.jpg\" alt=\"\" class=\"wp-image-480\" srcset=\"https:\/\/wgphoto.pl\/t\/wp-content\/uploads\/IMGP0564.jpg 1200w, https:\/\/wgphoto.pl\/t\/wp-content\/uploads\/IMGP0564-300x200.jpg 300w, https:\/\/wgphoto.pl\/t\/wp-content\/uploads\/IMGP0564-768x512.jpg 768w\" sizes=\"auto, (max-width: 1200px) 100vw, 1200px\" \/><\/figure>\n\n\n\n<div class=\"wp-block-group has-global-padding is-layout-constrained wp-block-group-is-layout-constrained\">\n<p>Santa Cruz de Tenerife, Calle Pedro Su\u00e1rez Hern\u00e1ndez. Tramwaj z widokiem na wulkaniczne ska\u0142y, morze i stolic\u0119 Teneryfy. [06.11.2013]<\/p>\n<\/div>\n","protected":false},"excerpt":{"rendered":"<p>Santa Cruz de Tenerife, Calle Pedro Su\u00e1rez Hern\u00e1ndez. Tramwaj z widokiem na wulkaniczne ska\u0142y, morze i stolic\u0119 Teneryfy. [06.11.2013]<\/p>\n","protected":false},"author":1,"featured_media":480,"comment_status":"open","ping_status":"","sticky":false,"template":"","format":"standard","meta":{"footnotes":""},"categories":[55,3],"tags":[174,170,114,159,173,113,171,116,172],"class_list":["post-479","post","type-post","status-publish","format-standard","has-post-thumbnail","hentry","category-rok-2013","category-tramwaj","tag-2013-11-06","tag-alstom-citadis302","tag-gory","tag-hiszpania","tag-koncowki","tag-landszaft","tag-metropolitano-de-tenerife","tag-morze","tag-santa-cruz-de-tenerife"],"_links":{"self":[{"href":"https:\/\/wgphoto.pl\/t\/index.php?rest_route=\/wp\/v2\/posts\/479","targetHints":{"allow":["GET"]}}],"collection":[{"href":"https:\/\/wgphoto.pl\/t\/index.php?rest_route=\/wp\/v2\/posts"}],"about":[{"href":"https:\/\/wgphoto.pl\/t\/index.php?rest_route=\/wp\/v2\/types\/post"}],"author":[{"embeddable":true,"href":"https:\/\/wgphoto.pl\/t\/index.php?rest_route=\/wp\/v2\/users\/1"}],"replies":[{"embeddable":true,"href":"https:\/\/wgphoto.pl\/t\/index.php?rest_route=%2Fwp%2Fv2%2Fcomments&post=479"}],"version-history":[{"count":1,"href":"https:\/\/wgphoto.pl\/t\/index.php?rest_route=\/wp\/v2\/posts\/479\/revisions"}],"predecessor-version":[{"id":481,"href":"https:\/\/wgphoto.pl\/t\/index.php?rest_route=\/wp\/v2\/posts\/479\/revisions\/481"}],"wp:featuredmedia":[{"embeddable":true,"href":"https:\/\/wgphoto.pl\/t\/index.php?rest_route=\/wp\/v2\/media\/480"}],"wp:attachment":[{"href":"https:\/\/wgphoto.pl\/t\/index.php?rest_route=%2Fwp%2Fv2%2Fmedia&parent=479"}],"wp:term":[{"taxonomy":"category","embeddable":true,"href":"https:\/\/wgphoto.pl\/t\/index.php?rest_route=%2Fwp%2Fv2%2Fcategories&post=479"},{"taxonomy":"post_tag","embeddable":true,"href":"https:\/\/wgphoto.pl\/t\/index.php?rest_route=%2Fwp%2Fv2%2Ftags&post=479"}],"curies":[{"name":"wp","href":"https:\/\/api.w.org\/{rel}","templated":true}]}}