{"id":4810,"date":"2024-11-04T17:11:23","date_gmt":"2024-11-04T16:11:23","guid":{"rendered":"https:\/\/wgphoto.pl\/t\/?p=4810"},"modified":"2024-11-04T17:11:23","modified_gmt":"2024-11-04T16:11:23","slug":"miasto-kapitana-jana-nalepky","status":"publish","type":"post","link":"https:\/\/wgphoto.pl\/t\/?p=4810","title":{"rendered":"Miasto kapitana J\u00e1na N\u00e1lepky"},"content":{"rendered":"\n<figure class=\"wp-block-image aligncenter size-full\"><img loading=\"lazy\" decoding=\"async\" width=\"1300\" height=\"861\" src=\"https:\/\/wgphoto.pl\/t\/wp-content\/uploads\/2024\/11\/IMGP9313.jpg\" alt=\"\" class=\"wp-image-4811\" srcset=\"https:\/\/wgphoto.pl\/t\/wp-content\/uploads\/2024\/11\/IMGP9313.jpg 1300w, https:\/\/wgphoto.pl\/t\/wp-content\/uploads\/2024\/11\/IMGP9313-300x199.jpg 300w, https:\/\/wgphoto.pl\/t\/wp-content\/uploads\/2024\/11\/IMGP9313-768x509.jpg 768w\" sizes=\"auto, (max-width: 1300px) 100vw, 1300px\" \/><\/figure>\n\n\n\n<div class=\"wp-block-group has-global-padding is-layout-constrained wp-block-group-is-layout-constrained\">\n<p>N\u00e1lepkovo. 812.036-6 po zmianie kierunku podstawia si\u0119 pod swoj\u0105 doczepk\u0119, z kt\u00f3r\u0105 za chwil\u0119 odjedzie jako poci\u0105g osobowy 7411 do Margecan. Na S\u0142owacji zdarza\u0142o si\u0119 wschodnim zwyczajem nazywa\u0107 miejscowo\u015bci na cze\u015b\u0107 wybitnych osobisto\u015bci, w tym przypadku s\u0142owackiego oficera i radzieckiego partyzanta. Obecn\u0105 nazw\u0119 wiosce nadano w 1948 roku, dawniej nazywa\u0142a si\u0119 Vondri\u0161el. 12.08.2020<\/p>\n<\/div>\n","protected":false},"excerpt":{"rendered":"<p>N\u00e1lepkovo. 812.036-6 po zmianie kierunku podstawia si\u0119 pod swoj\u0105 doczepk\u0119, z kt\u00f3r\u0105 za chwil\u0119 odjedzie jako poci\u0105g osobowy 7411 do Margecan. Na S\u0142owacji zdarza\u0142o si\u0119 wschodnim zwyczajem nazywa\u0107 miejscowo\u015bci na cze\u015b\u0107 wybitnych osobisto\u015bci, w tym przypadku s\u0142owackiego oficera i radzieckiego partyzanta. Obecn\u0105 nazw\u0119 wiosce nadano w 1948 roku, dawniej nazywa\u0142a si\u0119 Vondri\u0161el. 12.08.2020<\/p>\n","protected":false},"author":1,"featured_media":4811,"comment_status":"open","ping_status":"","sticky":false,"template":"","format":"standard","meta":{"footnotes":""},"categories":[2,676],"tags":[1912,1906,196,1927,678,675,469],"class_list":["post-4810","post","type-post","status-publish","format-standard","has-post-thumbnail","hentry","category-kolej","category-rok-2020","tag-2020-08-12","tag-1906","tag-linie-raczej-lokalne","tag-nalepkovo","tag-slovensko-uhersko-2020","tag-slowacja","tag-zssk"],"_links":{"self":[{"href":"https:\/\/wgphoto.pl\/t\/index.php?rest_route=\/wp\/v2\/posts\/4810","targetHints":{"allow":["GET"]}}],"collection":[{"href":"https:\/\/wgphoto.pl\/t\/index.php?rest_route=\/wp\/v2\/posts"}],"about":[{"href":"https:\/\/wgphoto.pl\/t\/index.php?rest_route=\/wp\/v2\/types\/post"}],"author":[{"embeddable":true,"href":"https:\/\/wgphoto.pl\/t\/index.php?rest_route=\/wp\/v2\/users\/1"}],"replies":[{"embeddable":true,"href":"https:\/\/wgphoto.pl\/t\/index.php?rest_route=%2Fwp%2Fv2%2Fcomments&post=4810"}],"version-history":[{"count":1,"href":"https:\/\/wgphoto.pl\/t\/index.php?rest_route=\/wp\/v2\/posts\/4810\/revisions"}],"predecessor-version":[{"id":4812,"href":"https:\/\/wgphoto.pl\/t\/index.php?rest_route=\/wp\/v2\/posts\/4810\/revisions\/4812"}],"wp:featuredmedia":[{"embeddable":true,"href":"https:\/\/wgphoto.pl\/t\/index.php?rest_route=\/wp\/v2\/media\/4811"}],"wp:attachment":[{"href":"https:\/\/wgphoto.pl\/t\/index.php?rest_route=%2Fwp%2Fv2%2Fmedia&parent=4810"}],"wp:term":[{"taxonomy":"category","embeddable":true,"href":"https:\/\/wgphoto.pl\/t\/index.php?rest_route=%2Fwp%2Fv2%2Fcategories&post=4810"},{"taxonomy":"post_tag","embeddable":true,"href":"https:\/\/wgphoto.pl\/t\/index.php?rest_route=%2Fwp%2Fv2%2Ftags&post=4810"}],"curies":[{"name":"wp","href":"https:\/\/api.w.org\/{rel}","templated":true}]}}