{"id":482,"date":"2024-09-29T20:02:27","date_gmt":"2024-09-29T18:02:27","guid":{"rendered":"https:\/\/wgphoto.pl\/t\/?p=482"},"modified":"2024-09-29T20:02:27","modified_gmt":"2024-09-29T18:02:27","slug":"groove-sl","status":"publish","type":"post","link":"https:\/\/wgphoto.pl\/t\/?p=482","title":{"rendered":"Groove \u015al."},"content":{"rendered":"\n<figure class=\"wp-block-image aligncenter size-full\"><img loading=\"lazy\" decoding=\"async\" width=\"1200\" height=\"803\" src=\"https:\/\/wgphoto.pl\/t\/wp-content\/uploads\/IMGP9048.jpg\" alt=\"\" class=\"wp-image-483\" srcset=\"https:\/\/wgphoto.pl\/t\/wp-content\/uploads\/IMGP9048.jpg 1200w, https:\/\/wgphoto.pl\/t\/wp-content\/uploads\/IMGP9048-300x201.jpg 300w, https:\/\/wgphoto.pl\/t\/wp-content\/uploads\/IMGP9048-768x514.jpg 768w\" sizes=\"auto, (max-width: 1200px) 100vw, 1200px\" \/><\/figure>\n\n\n\n<div class=\"wp-block-group has-global-padding is-layout-constrained wp-block-group-is-layout-constrained\">\n<p>Poci\u0105g osobowy 77120 z W\u0119gli\u0144ca do Jeleniej G\u00f3ry zatrzymuje si\u0119 w Gryfowie \u015al\u0105skim. Z tego co widz\u0119 w rozk\u0142adzie, by\u0142a to w\u00f3wczas jedna z ju\u017c tylko dw\u00f3ch par osob\u00f3wek na tej linii obs\u0142ugiwanych takimi pojazdami (pozosta\u0142e 6, jad\u0105cych ze Zgorzelca lub Zielonej G\u00f3ry, by\u0142o spalinowych). [29.08.2009]<\/p>\n<\/div>\n","protected":false},"excerpt":{"rendered":"<p>Poci\u0105g osobowy 77120 z W\u0119gli\u0144ca do Jeleniej G\u00f3ry zatrzymuje si\u0119 w Gryfowie \u015al\u0105skim. Z tego co widz\u0119 w rozk\u0142adzie, by\u0142a to w\u00f3wczas jedna z ju\u017c tylko dw\u00f3ch par osob\u00f3wek na tej linii obs\u0142ugiwanych takimi pojazdami (pozosta\u0142e 6, jad\u0105cych ze Zgorzelca lub Zielonej G\u00f3ry, by\u0142o spalinowych). [29.08.2009]<\/p>\n","protected":false},"author":1,"featured_media":483,"comment_status":"open","ping_status":"","sticky":false,"template":"","format":"standard","meta":{"footnotes":""},"categories":[2,169],"tags":[178,132,175,24,63,27,176,53,177],"class_list":["post-482","post","type-post","status-publish","format-standard","has-post-thumbnail","hentry","category-kolej","category-rok-2009","tag-2009-08-29","tag-en57","tag-gryfow-slaski","tag-perony","tag-pkp","tag-polska","tag-rano","tag-sygnalizacja-ksztaltowa","tag-tab-pl255"],"_links":{"self":[{"href":"https:\/\/wgphoto.pl\/t\/index.php?rest_route=\/wp\/v2\/posts\/482","targetHints":{"allow":["GET"]}}],"collection":[{"href":"https:\/\/wgphoto.pl\/t\/index.php?rest_route=\/wp\/v2\/posts"}],"about":[{"href":"https:\/\/wgphoto.pl\/t\/index.php?rest_route=\/wp\/v2\/types\/post"}],"author":[{"embeddable":true,"href":"https:\/\/wgphoto.pl\/t\/index.php?rest_route=\/wp\/v2\/users\/1"}],"replies":[{"embeddable":true,"href":"https:\/\/wgphoto.pl\/t\/index.php?rest_route=%2Fwp%2Fv2%2Fcomments&post=482"}],"version-history":[{"count":1,"href":"https:\/\/wgphoto.pl\/t\/index.php?rest_route=\/wp\/v2\/posts\/482\/revisions"}],"predecessor-version":[{"id":484,"href":"https:\/\/wgphoto.pl\/t\/index.php?rest_route=\/wp\/v2\/posts\/482\/revisions\/484"}],"wp:featuredmedia":[{"embeddable":true,"href":"https:\/\/wgphoto.pl\/t\/index.php?rest_route=\/wp\/v2\/media\/483"}],"wp:attachment":[{"href":"https:\/\/wgphoto.pl\/t\/index.php?rest_route=%2Fwp%2Fv2%2Fmedia&parent=482"}],"wp:term":[{"taxonomy":"category","embeddable":true,"href":"https:\/\/wgphoto.pl\/t\/index.php?rest_route=%2Fwp%2Fv2%2Fcategories&post=482"},{"taxonomy":"post_tag","embeddable":true,"href":"https:\/\/wgphoto.pl\/t\/index.php?rest_route=%2Fwp%2Fv2%2Ftags&post=482"}],"curies":[{"name":"wp","href":"https:\/\/api.w.org\/{rel}","templated":true}]}}