{"id":4845,"date":"2024-11-05T17:57:54","date_gmt":"2024-11-05T16:57:54","guid":{"rendered":"https:\/\/wgphoto.pl\/t\/?p=4845"},"modified":"2024-11-05T17:57:54","modified_gmt":"2024-11-05T16:57:54","slug":"male-wielkie-miasto","status":"publish","type":"post","link":"https:\/\/wgphoto.pl\/t\/?p=4845","title":{"rendered":"Ma\u0142e wielkie miasto"},"content":{"rendered":"\n<figure class=\"wp-block-image aligncenter size-full\"><img loading=\"lazy\" decoding=\"async\" width=\"1300\" height=\"861\" src=\"https:\/\/wgphoto.pl\/t\/wp-content\/uploads\/2024\/11\/IMGP2870.jpg\" alt=\"\" class=\"wp-image-4846\" srcset=\"https:\/\/wgphoto.pl\/t\/wp-content\/uploads\/2024\/11\/IMGP2870.jpg 1300w, https:\/\/wgphoto.pl\/t\/wp-content\/uploads\/2024\/11\/IMGP2870-300x199.jpg 300w, https:\/\/wgphoto.pl\/t\/wp-content\/uploads\/2024\/11\/IMGP2870-768x509.jpg 768w\" sizes=\"auto, (max-width: 1300px) 100vw, 1300px\" \/><\/figure>\n\n\n\n<div class=\"wp-block-group has-global-padding is-layout-constrained wp-block-group-is-layout-constrained\">\n<p>G\u00f6rlitz, Demianiplatz. Tramwajowo-autobusowy w\u0119ze\u0142 przesiadkowy (cho\u0107 autobusy jeszcze na zdj\u0119cie nie przyjecha\u0142y) ju\u017c tu go\u015bci\u0142, my\u015bla\u0142em \u017ce wi\u0119cej ni\u017c raz, bo miejsce jest bardzo przyjemne i fotogeniczne. Takiego pleneru nie powstydzi\u0142oby si\u0119 niejedno wi\u0119ksze miasto od 56-tysi\u0119cznego G\u00f6rlitz. 15.09.2017<\/p>\n<\/div>\n","protected":false},"excerpt":{"rendered":"<p>G\u00f6rlitz, Demianiplatz. Tramwajowo-autobusowy w\u0119ze\u0142 przesiadkowy (cho\u0107 autobusy jeszcze na zdj\u0119cie nie przyjecha\u0142y) ju\u017c tu go\u015bci\u0142, my\u015bla\u0142em \u017ce wi\u0119cej ni\u017c raz, bo miejsce jest bardzo przyjemne i fotogeniczne. Takiego pleneru nie powstydzi\u0142oby si\u0119 niejedno wi\u0119ksze miasto od 56-tysi\u0119cznego G\u00f6rlitz. 15.09.2017<\/p>\n","protected":false},"author":1,"featured_media":4846,"comment_status":"open","ping_status":"","sticky":false,"template":"","format":"standard","meta":{"footnotes":""},"categories":[368,3],"tags":[1938,34,31,23,33,129],"class_list":["post-4845","post","type-post","status-publish","format-standard","has-post-thumbnail","hentry","category-rok-2017","category-tramwaj","tag-2017-09-15","tag-architektura","tag-gorlitz","tag-niemcy","tag-tatra-kt4","tag-vgg-gorlitz"],"_links":{"self":[{"href":"https:\/\/wgphoto.pl\/t\/index.php?rest_route=\/wp\/v2\/posts\/4845","targetHints":{"allow":["GET"]}}],"collection":[{"href":"https:\/\/wgphoto.pl\/t\/index.php?rest_route=\/wp\/v2\/posts"}],"about":[{"href":"https:\/\/wgphoto.pl\/t\/index.php?rest_route=\/wp\/v2\/types\/post"}],"author":[{"embeddable":true,"href":"https:\/\/wgphoto.pl\/t\/index.php?rest_route=\/wp\/v2\/users\/1"}],"replies":[{"embeddable":true,"href":"https:\/\/wgphoto.pl\/t\/index.php?rest_route=%2Fwp%2Fv2%2Fcomments&post=4845"}],"version-history":[{"count":1,"href":"https:\/\/wgphoto.pl\/t\/index.php?rest_route=\/wp\/v2\/posts\/4845\/revisions"}],"predecessor-version":[{"id":4847,"href":"https:\/\/wgphoto.pl\/t\/index.php?rest_route=\/wp\/v2\/posts\/4845\/revisions\/4847"}],"wp:featuredmedia":[{"embeddable":true,"href":"https:\/\/wgphoto.pl\/t\/index.php?rest_route=\/wp\/v2\/media\/4846"}],"wp:attachment":[{"href":"https:\/\/wgphoto.pl\/t\/index.php?rest_route=%2Fwp%2Fv2%2Fmedia&parent=4845"}],"wp:term":[{"taxonomy":"category","embeddable":true,"href":"https:\/\/wgphoto.pl\/t\/index.php?rest_route=%2Fwp%2Fv2%2Fcategories&post=4845"},{"taxonomy":"post_tag","embeddable":true,"href":"https:\/\/wgphoto.pl\/t\/index.php?rest_route=%2Fwp%2Fv2%2Ftags&post=4845"}],"curies":[{"name":"wp","href":"https:\/\/api.w.org\/{rel}","templated":true}]}}