{"id":485,"date":"2024-09-29T20:05:06","date_gmt":"2024-09-29T18:05:06","guid":{"rendered":"https:\/\/wgphoto.pl\/t\/?p=485"},"modified":"2024-09-29T20:05:06","modified_gmt":"2024-09-29T18:05:06","slug":"tygrysy-wychodza-na-zer","status":"publish","type":"post","link":"https:\/\/wgphoto.pl\/t\/?p=485","title":{"rendered":"Tygrysy wychodz\u0105 na \u017cer"},"content":{"rendered":"\n<figure class=\"wp-block-image aligncenter size-full\"><img loading=\"lazy\" decoding=\"async\" width=\"1300\" height=\"861\" src=\"https:\/\/wgphoto.pl\/t\/wp-content\/uploads\/IMGP2757.jpg\" alt=\"\" class=\"wp-image-486\" srcset=\"https:\/\/wgphoto.pl\/t\/wp-content\/uploads\/IMGP2757.jpg 1300w, https:\/\/wgphoto.pl\/t\/wp-content\/uploads\/IMGP2757-300x199.jpg 300w, https:\/\/wgphoto.pl\/t\/wp-content\/uploads\/IMGP2757-768x509.jpg 768w\" sizes=\"auto, (max-width: 1300px) 100vw, 1300px\" \/><\/figure>\n\n\n\n<div class=\"wp-block-group has-global-padding is-layout-constrained wp-block-group-is-layout-constrained\">\n<p>Sk\u0142ad &#8222;tygrys\u00f3w&#8221; podstawia si\u0119 jako poci\u0105g osobowy do Poznania. [19.02.2019]<\/p>\n<\/div>\n","protected":false},"excerpt":{"rendered":"<p>Sk\u0142ad &#8222;tygrys\u00f3w&#8221; podstawia si\u0119 jako poci\u0105g osobowy do Poznania. [19.02.2019]<\/p>\n","protected":false},"author":1,"featured_media":486,"comment_status":"open","ping_status":"","sticky":false,"template":"","format":"standard","meta":{"footnotes":""},"categories":[2,136],"tags":[182,132,179,24,27,176,181,41,180],"class_list":["post-485","post","type-post","status-publish","format-standard","has-post-thumbnail","hentry","category-kolej","category-rok-2019","tag-2019-02-19","tag-en57","tag-hala-peronowa","tag-perony","tag-polska","tag-rano","tag-slonce","tag-wroclaw","tag-wroclaw-glowny"],"_links":{"self":[{"href":"https:\/\/wgphoto.pl\/t\/index.php?rest_route=\/wp\/v2\/posts\/485","targetHints":{"allow":["GET"]}}],"collection":[{"href":"https:\/\/wgphoto.pl\/t\/index.php?rest_route=\/wp\/v2\/posts"}],"about":[{"href":"https:\/\/wgphoto.pl\/t\/index.php?rest_route=\/wp\/v2\/types\/post"}],"author":[{"embeddable":true,"href":"https:\/\/wgphoto.pl\/t\/index.php?rest_route=\/wp\/v2\/users\/1"}],"replies":[{"embeddable":true,"href":"https:\/\/wgphoto.pl\/t\/index.php?rest_route=%2Fwp%2Fv2%2Fcomments&post=485"}],"version-history":[{"count":1,"href":"https:\/\/wgphoto.pl\/t\/index.php?rest_route=\/wp\/v2\/posts\/485\/revisions"}],"predecessor-version":[{"id":487,"href":"https:\/\/wgphoto.pl\/t\/index.php?rest_route=\/wp\/v2\/posts\/485\/revisions\/487"}],"wp:featuredmedia":[{"embeddable":true,"href":"https:\/\/wgphoto.pl\/t\/index.php?rest_route=\/wp\/v2\/media\/486"}],"wp:attachment":[{"href":"https:\/\/wgphoto.pl\/t\/index.php?rest_route=%2Fwp%2Fv2%2Fmedia&parent=485"}],"wp:term":[{"taxonomy":"category","embeddable":true,"href":"https:\/\/wgphoto.pl\/t\/index.php?rest_route=%2Fwp%2Fv2%2Fcategories&post=485"},{"taxonomy":"post_tag","embeddable":true,"href":"https:\/\/wgphoto.pl\/t\/index.php?rest_route=%2Fwp%2Fv2%2Ftags&post=485"}],"curies":[{"name":"wp","href":"https:\/\/api.w.org\/{rel}","templated":true}]}}