{"id":4869,"date":"2024-11-05T18:06:21","date_gmt":"2024-11-05T17:06:21","guid":{"rendered":"https:\/\/wgphoto.pl\/t\/?p=4869"},"modified":"2024-11-05T18:06:21","modified_gmt":"2024-11-05T17:06:21","slug":"sedzislaw-17-lat-pozniej","status":"publish","type":"post","link":"https:\/\/wgphoto.pl\/t\/?p=4869","title":{"rendered":"S\u0119dzis\u0142aw 17 lat p\u00f3\u017aniej"},"content":{"rendered":"\n<figure class=\"wp-block-image aligncenter size-full\"><img loading=\"lazy\" decoding=\"async\" width=\"1300\" height=\"861\" src=\"https:\/\/wgphoto.pl\/t\/wp-content\/uploads\/2024\/11\/IMGP8826.jpg\" alt=\"\" class=\"wp-image-4870\" srcset=\"https:\/\/wgphoto.pl\/t\/wp-content\/uploads\/2024\/11\/IMGP8826.jpg 1300w, https:\/\/wgphoto.pl\/t\/wp-content\/uploads\/2024\/11\/IMGP8826-300x199.jpg 300w, https:\/\/wgphoto.pl\/t\/wp-content\/uploads\/2024\/11\/IMGP8826-768x509.jpg 768w\" sizes=\"auto, (max-width: 1300px) 100vw, 1300px\" \/><\/figure>\n\n\n\n<div class=\"wp-block-group has-global-padding is-layout-constrained wp-block-group-is-layout-constrained\">\n<p>45WE-020 jako KD Sprinter &#8222;Szrenica&#8221; ze Szklarskiej Por\u0119by do Wroc\u0142awia zatrzymuje si\u0119 w S\u0119dzis\u0142awiu mijaj\u0105c motoraczka 810.536-3, kt\u00f3ry odjedzie do Trutnova. 11.07.2020<\/p>\n<\/div>\n","protected":false},"excerpt":{"rendered":"<p>45WE-020 jako KD Sprinter &#8222;Szrenica&#8221; ze Szklarskiej Por\u0119by do Wroc\u0142awia zatrzymuje si\u0119 w S\u0119dzis\u0142awiu mijaj\u0105c motoraczka 810.536-3, kt\u00f3ry odjedzie do Trutnova. 11.07.2020<\/p>\n","protected":false},"author":1,"featured_media":4870,"comment_status":"open","ping_status":"","sticky":false,"template":"","format":"standard","meta":{"footnotes":""},"categories":[2,676],"tags":[1879,499,92,249,933,402,404,27,1767,1061,200,627],"class_list":["post-4869","post","type-post","status-publish","format-standard","has-post-thumbnail","hentry","category-kolej","category-rok-2020","tag-2020-07-11","tag-45we","tag-92","tag-goscinne-wystepy","tag-gwtr","tag-kd","tag-newag-impuls","tag-polska","tag-porownania","tag-sedzislaw","tag-tab-pl240","tag-tab-pl247"],"_links":{"self":[{"href":"https:\/\/wgphoto.pl\/t\/index.php?rest_route=\/wp\/v2\/posts\/4869","targetHints":{"allow":["GET"]}}],"collection":[{"href":"https:\/\/wgphoto.pl\/t\/index.php?rest_route=\/wp\/v2\/posts"}],"about":[{"href":"https:\/\/wgphoto.pl\/t\/index.php?rest_route=\/wp\/v2\/types\/post"}],"author":[{"embeddable":true,"href":"https:\/\/wgphoto.pl\/t\/index.php?rest_route=\/wp\/v2\/users\/1"}],"replies":[{"embeddable":true,"href":"https:\/\/wgphoto.pl\/t\/index.php?rest_route=%2Fwp%2Fv2%2Fcomments&post=4869"}],"version-history":[{"count":1,"href":"https:\/\/wgphoto.pl\/t\/index.php?rest_route=\/wp\/v2\/posts\/4869\/revisions"}],"predecessor-version":[{"id":4871,"href":"https:\/\/wgphoto.pl\/t\/index.php?rest_route=\/wp\/v2\/posts\/4869\/revisions\/4871"}],"wp:featuredmedia":[{"embeddable":true,"href":"https:\/\/wgphoto.pl\/t\/index.php?rest_route=\/wp\/v2\/media\/4870"}],"wp:attachment":[{"href":"https:\/\/wgphoto.pl\/t\/index.php?rest_route=%2Fwp%2Fv2%2Fmedia&parent=4869"}],"wp:term":[{"taxonomy":"category","embeddable":true,"href":"https:\/\/wgphoto.pl\/t\/index.php?rest_route=%2Fwp%2Fv2%2Fcategories&post=4869"},{"taxonomy":"post_tag","embeddable":true,"href":"https:\/\/wgphoto.pl\/t\/index.php?rest_route=%2Fwp%2Fv2%2Ftags&post=4869"}],"curies":[{"name":"wp","href":"https:\/\/api.w.org\/{rel}","templated":true}]}}