{"id":4875,"date":"2024-11-05T18:08:40","date_gmt":"2024-11-05T17:08:40","guid":{"rendered":"https:\/\/wgphoto.pl\/t\/?p=4875"},"modified":"2024-11-05T18:08:40","modified_gmt":"2024-11-05T17:08:40","slug":"katowki-o-zmierzchu","status":"publish","type":"post","link":"https:\/\/wgphoto.pl\/t\/?p=4875","title":{"rendered":"Kat\u00f3wki o zmierzchu"},"content":{"rendered":"\n<figure class=\"wp-block-image aligncenter size-full\"><img loading=\"lazy\" decoding=\"async\" width=\"1200\" height=\"803\" src=\"https:\/\/wgphoto.pl\/t\/wp-content\/uploads\/2024\/11\/IMGP1633.jpg\" alt=\"\" class=\"wp-image-4876\" srcset=\"https:\/\/wgphoto.pl\/t\/wp-content\/uploads\/2024\/11\/IMGP1633.jpg 1200w, https:\/\/wgphoto.pl\/t\/wp-content\/uploads\/2024\/11\/IMGP1633-300x201.jpg 300w, https:\/\/wgphoto.pl\/t\/wp-content\/uploads\/2024\/11\/IMGP1633-768x514.jpg 768w\" sizes=\"auto, (max-width: 1200px) 100vw, 1200px\" \/><\/figure>\n\n\n\n<div class=\"wp-block-group has-global-padding is-layout-constrained wp-block-group-is-layout-constrained\">\n<p>G\u00f6rlitz, przystanek Hohe Stra\u00dfe, sk\u0142ad KT4DMC 311+317. Zmierzch zapada, \u015bwiat\u0142o ginie w oczach, parametr jest gorzej ni\u017c z\u0142y, ale podoba mi si\u0119 ten motyw d\u0142ugiego tramwaju na sm\u0119tnym blokowisku. 18.12.2012<\/p>\n<\/div>\n","protected":false},"excerpt":{"rendered":"<p>G\u00f6rlitz, przystanek Hohe Stra\u00dfe, sk\u0142ad KT4DMC 311+317. Zmierzch zapada, \u015bwiat\u0142o ginie w oczach, parametr jest gorzej ni\u017c z\u0142y, ale podoba mi si\u0119 ten motyw d\u0142ugiego tramwaju na sm\u0119tnym blokowisku. 18.12.2012<\/p>\n","protected":false},"author":1,"featured_media":4876,"comment_status":"open","ping_status":"","sticky":false,"template":"","format":"standard","meta":{"footnotes":""},"categories":[46,3],"tags":[1948,31,23,143,33,129],"class_list":["post-4875","post","type-post","status-publish","format-standard","has-post-thumbnail","hentry","category-rok-2012","category-tramwaj","tag-2012-12-18","tag-gorlitz","tag-niemcy","tag-ponad-30m","tag-tatra-kt4","tag-vgg-gorlitz"],"_links":{"self":[{"href":"https:\/\/wgphoto.pl\/t\/index.php?rest_route=\/wp\/v2\/posts\/4875","targetHints":{"allow":["GET"]}}],"collection":[{"href":"https:\/\/wgphoto.pl\/t\/index.php?rest_route=\/wp\/v2\/posts"}],"about":[{"href":"https:\/\/wgphoto.pl\/t\/index.php?rest_route=\/wp\/v2\/types\/post"}],"author":[{"embeddable":true,"href":"https:\/\/wgphoto.pl\/t\/index.php?rest_route=\/wp\/v2\/users\/1"}],"replies":[{"embeddable":true,"href":"https:\/\/wgphoto.pl\/t\/index.php?rest_route=%2Fwp%2Fv2%2Fcomments&post=4875"}],"version-history":[{"count":1,"href":"https:\/\/wgphoto.pl\/t\/index.php?rest_route=\/wp\/v2\/posts\/4875\/revisions"}],"predecessor-version":[{"id":4877,"href":"https:\/\/wgphoto.pl\/t\/index.php?rest_route=\/wp\/v2\/posts\/4875\/revisions\/4877"}],"wp:featuredmedia":[{"embeddable":true,"href":"https:\/\/wgphoto.pl\/t\/index.php?rest_route=\/wp\/v2\/media\/4876"}],"wp:attachment":[{"href":"https:\/\/wgphoto.pl\/t\/index.php?rest_route=%2Fwp%2Fv2%2Fmedia&parent=4875"}],"wp:term":[{"taxonomy":"category","embeddable":true,"href":"https:\/\/wgphoto.pl\/t\/index.php?rest_route=%2Fwp%2Fv2%2Fcategories&post=4875"},{"taxonomy":"post_tag","embeddable":true,"href":"https:\/\/wgphoto.pl\/t\/index.php?rest_route=%2Fwp%2Fv2%2Ftags&post=4875"}],"curies":[{"name":"wp","href":"https:\/\/api.w.org\/{rel}","templated":true}]}}