{"id":488,"date":"2024-09-29T20:11:59","date_gmt":"2024-09-29T18:11:59","guid":{"rendered":"https:\/\/wgphoto.pl\/t\/?p=488"},"modified":"2024-09-29T20:11:59","modified_gmt":"2024-09-29T18:11:59","slug":"888","status":"publish","type":"post","link":"https:\/\/wgphoto.pl\/t\/?p=488","title":{"rendered":"888"},"content":{"rendered":"\n<figure class=\"wp-block-image aligncenter size-full\"><img loading=\"lazy\" decoding=\"async\" width=\"1200\" height=\"795\" src=\"https:\/\/wgphoto.pl\/t\/wp-content\/uploads\/IMGP7127.jpg\" alt=\"\" class=\"wp-image-489\" srcset=\"https:\/\/wgphoto.pl\/t\/wp-content\/uploads\/IMGP7127.jpg 1200w, https:\/\/wgphoto.pl\/t\/wp-content\/uploads\/IMGP7127-300x199.jpg 300w, https:\/\/wgphoto.pl\/t\/wp-content\/uploads\/IMGP7127-768x509.jpg 768w\" sizes=\"auto, (max-width: 1200px) 100vw, 1200px\" \/><\/figure>\n\n\n\n<div class=\"wp-block-group has-global-padding is-layout-constrained wp-block-group-is-layout-constrained\">\n<p>Genewa, Promenade de Corzon. O\u015bnie\u017cone szczyty Jury, mierz\u0105ce oko\u0142o 1700 m n.p.m., le\u017c\u0105 ju\u017c we Francji. Tramwaj o ciekawym numerze taborowym ma ju\u017c tylko jeden przystanek do kra\u0144ca zlokalizowanego kilometr od granicy pa\u0144stwa. [21.03.2018]<\/p>\n<\/div>\n","protected":false},"excerpt":{"rendered":"<p>Genewa, Promenade de Corzon. O\u015bnie\u017cone szczyty Jury, mierz\u0105ce oko\u0142o 1700 m n.p.m., le\u017c\u0105 ju\u017c we Francji. Tramwaj o ciekawym numerze taborowym ma ju\u017c tylko jeden przystanek do kra\u0144ca zlokalizowanego kilometr od granicy pa\u0144stwa. [21.03.2018]<\/p>\n","protected":false},"author":1,"featured_media":489,"comment_status":"open","ping_status":"","sticky":false,"template":"","format":"standard","meta":{"footnotes":""},"categories":[156,3],"tags":[188,185,184,114,173,143,183,186,187],"class_list":["post-488","post","type-post","status-publish","format-standard","has-post-thumbnail","hentry","category-rok-2018","category-tramwaj","tag-2018-03-21","tag-cityrunner","tag-genewa","tag-gory","tag-koncowki","tag-ponad-30m","tag-suissetrip-2018","tag-szwajcaria","tag-tpg-geneve"],"_links":{"self":[{"href":"https:\/\/wgphoto.pl\/t\/index.php?rest_route=\/wp\/v2\/posts\/488","targetHints":{"allow":["GET"]}}],"collection":[{"href":"https:\/\/wgphoto.pl\/t\/index.php?rest_route=\/wp\/v2\/posts"}],"about":[{"href":"https:\/\/wgphoto.pl\/t\/index.php?rest_route=\/wp\/v2\/types\/post"}],"author":[{"embeddable":true,"href":"https:\/\/wgphoto.pl\/t\/index.php?rest_route=\/wp\/v2\/users\/1"}],"replies":[{"embeddable":true,"href":"https:\/\/wgphoto.pl\/t\/index.php?rest_route=%2Fwp%2Fv2%2Fcomments&post=488"}],"version-history":[{"count":1,"href":"https:\/\/wgphoto.pl\/t\/index.php?rest_route=\/wp\/v2\/posts\/488\/revisions"}],"predecessor-version":[{"id":490,"href":"https:\/\/wgphoto.pl\/t\/index.php?rest_route=\/wp\/v2\/posts\/488\/revisions\/490"}],"wp:featuredmedia":[{"embeddable":true,"href":"https:\/\/wgphoto.pl\/t\/index.php?rest_route=\/wp\/v2\/media\/489"}],"wp:attachment":[{"href":"https:\/\/wgphoto.pl\/t\/index.php?rest_route=%2Fwp%2Fv2%2Fmedia&parent=488"}],"wp:term":[{"taxonomy":"category","embeddable":true,"href":"https:\/\/wgphoto.pl\/t\/index.php?rest_route=%2Fwp%2Fv2%2Fcategories&post=488"},{"taxonomy":"post_tag","embeddable":true,"href":"https:\/\/wgphoto.pl\/t\/index.php?rest_route=%2Fwp%2Fv2%2Ftags&post=488"}],"curies":[{"name":"wp","href":"https:\/\/api.w.org\/{rel}","templated":true}]}}