{"id":4884,"date":"2024-11-05T18:12:56","date_gmt":"2024-11-05T17:12:56","guid":{"rendered":"https:\/\/wgphoto.pl\/t\/?p=4884"},"modified":"2024-11-05T18:12:56","modified_gmt":"2024-11-05T17:12:56","slug":"miedzy-czescia-wschodnia-i-zachodnia","status":"publish","type":"post","link":"https:\/\/wgphoto.pl\/t\/?p=4884","title":{"rendered":"Mi\u0119dzy cz\u0119\u015bci\u0105 wschodni\u0105 i zachodni\u0105"},"content":{"rendered":"\n<figure class=\"wp-block-image aligncenter size-full\"><img loading=\"lazy\" decoding=\"async\" width=\"1300\" height=\"870\" src=\"https:\/\/wgphoto.pl\/t\/wp-content\/uploads\/2024\/11\/IMGP0486.jpg\" alt=\"\" class=\"wp-image-4885\" srcset=\"https:\/\/wgphoto.pl\/t\/wp-content\/uploads\/2024\/11\/IMGP0486.jpg 1300w, https:\/\/wgphoto.pl\/t\/wp-content\/uploads\/2024\/11\/IMGP0486-300x201.jpg 300w, https:\/\/wgphoto.pl\/t\/wp-content\/uploads\/2024\/11\/IMGP0486-768x514.jpg 768w\" sizes=\"auto, (max-width: 1300px) 100vw, 1300px\" \/><\/figure>\n\n\n\n<div class=\"wp-block-group has-global-padding is-layout-constrained wp-block-group-is-layout-constrained\">\n<p>Eso 363.081-1 wykonuje manewry na stacji Plze\u0148 hl.n. Dla was ten kadr to pewnie takie nic, a dla mnie jest swego rodzaju esencj\u0105 tutejszego dworca. Na przed\u0142u\u017ceniu tej wiaty \u0142\u0105cz\u0105cej s\u0105siednie perony (po lewej jest budynek stacyjny) znajduj\u0105 si\u0119 przej\u015bcia w poziomie tor\u00f3w na kolejne perony. Czeskim standardem jest zatrzymywanie poci\u0105g\u00f3w przed takimi przej\u015bciami, co w naturalny spos\u00f3b dzieli perony na dwie cz\u0119\u015bci, w tym przypadku, zgodnie z tablic\u0105, wschodni\u0105 i zachodni\u0105. Po lewej natomiast stoi budka z piwem, z kt\u00f3rej t\u0142umnie korzystaj\u0105 lokalsi. Obecnie stacja jest po przebudowie, ciekawe jak to teraz wygl\u0105da. 15.04.2011<\/p>\n<\/div>\n","protected":false},"excerpt":{"rendered":"<p>Eso 363.081-1 wykonuje manewry na stacji Plze\u0148 hl.n. Dla was ten kadr to pewnie takie nic, a dla mnie jest swego rodzaju esencj\u0105 tutejszego dworca. Na przed\u0142u\u017ceniu tej wiaty \u0142\u0105cz\u0105cej s\u0105siednie perony (po lewej jest budynek stacyjny) znajduj\u0105 si\u0119 przej\u015bcia w poziomie tor\u00f3w na kolejne perony. Czeskim standardem jest zatrzymywanie poci\u0105g\u00f3w przed takimi przej\u015bciami, co [&hellip;]<\/p>\n","protected":false},"author":1,"featured_media":4885,"comment_status":"open","ping_status":"","sticky":false,"template":"","format":"standard","meta":{"footnotes":""},"categories":[2,77],"tags":[1954,51,50,49,179,151,24,1675,1745],"class_list":["post-4884","post","type-post","status-publish","format-standard","has-post-thumbnail","hentry","category-kolej","category-rok-2011","tag-2011-04-15","tag-51","tag-cd","tag-czechy","tag-hala-peronowa","tag-ludzie","tag-perony","tag-pilzno","tag-plzen-hlavni-nadrazi"],"_links":{"self":[{"href":"https:\/\/wgphoto.pl\/t\/index.php?rest_route=\/wp\/v2\/posts\/4884","targetHints":{"allow":["GET"]}}],"collection":[{"href":"https:\/\/wgphoto.pl\/t\/index.php?rest_route=\/wp\/v2\/posts"}],"about":[{"href":"https:\/\/wgphoto.pl\/t\/index.php?rest_route=\/wp\/v2\/types\/post"}],"author":[{"embeddable":true,"href":"https:\/\/wgphoto.pl\/t\/index.php?rest_route=\/wp\/v2\/users\/1"}],"replies":[{"embeddable":true,"href":"https:\/\/wgphoto.pl\/t\/index.php?rest_route=%2Fwp%2Fv2%2Fcomments&post=4884"}],"version-history":[{"count":1,"href":"https:\/\/wgphoto.pl\/t\/index.php?rest_route=\/wp\/v2\/posts\/4884\/revisions"}],"predecessor-version":[{"id":4886,"href":"https:\/\/wgphoto.pl\/t\/index.php?rest_route=\/wp\/v2\/posts\/4884\/revisions\/4886"}],"wp:featuredmedia":[{"embeddable":true,"href":"https:\/\/wgphoto.pl\/t\/index.php?rest_route=\/wp\/v2\/media\/4885"}],"wp:attachment":[{"href":"https:\/\/wgphoto.pl\/t\/index.php?rest_route=%2Fwp%2Fv2%2Fmedia&parent=4884"}],"wp:term":[{"taxonomy":"category","embeddable":true,"href":"https:\/\/wgphoto.pl\/t\/index.php?rest_route=%2Fwp%2Fv2%2Fcategories&post=4884"},{"taxonomy":"post_tag","embeddable":true,"href":"https:\/\/wgphoto.pl\/t\/index.php?rest_route=%2Fwp%2Fv2%2Ftags&post=4884"}],"curies":[{"name":"wp","href":"https:\/\/api.w.org\/{rel}","templated":true}]}}