{"id":4896,"date":"2024-11-05T18:17:01","date_gmt":"2024-11-05T17:17:01","guid":{"rendered":"https:\/\/wgphoto.pl\/t\/?p=4896"},"modified":"2024-11-05T18:17:01","modified_gmt":"2024-11-05T17:17:01","slug":"poniewaz-tak-naprawde-nie-podrozujesz-po-to-zeby","status":"publish","type":"post","link":"https:\/\/wgphoto.pl\/t\/?p=4896","title":{"rendered":"Poniewa\u017c tak naprawd\u0119 nie podr\u00f3\u017cujesz po to, \u017ceby\u2026"},"content":{"rendered":"\n<figure class=\"wp-block-image aligncenter size-full\"><img loading=\"lazy\" decoding=\"async\" width=\"1300\" height=\"861\" src=\"https:\/\/wgphoto.pl\/t\/wp-content\/uploads\/2024\/11\/IMGP5845.jpg\" alt=\"\" class=\"wp-image-4897\" srcset=\"https:\/\/wgphoto.pl\/t\/wp-content\/uploads\/2024\/11\/IMGP5845.jpg 1300w, https:\/\/wgphoto.pl\/t\/wp-content\/uploads\/2024\/11\/IMGP5845-300x199.jpg 300w, https:\/\/wgphoto.pl\/t\/wp-content\/uploads\/2024\/11\/IMGP5845-768x509.jpg 768w\" sizes=\"auto, (max-width: 1300px) 100vw, 1300px\" \/><\/figure>\n\n\n\n<div class=\"wp-block-group has-global-padding is-layout-constrained wp-block-group-is-layout-constrained\">\n<p>Gotha, Bahnhofsvorplatz. Wiekowy Helmut z nisk\u0105 wstawk\u0105 za par\u0119 minut odjedzie w d\u0142ugi kurs do Tabarz. Pe\u0142na sentencja J. W. Goethego, umieszczona na konstrukcji zadaszenia w\u0119z\u0142a przesiadkowego, brzmi: &#8222;Denn man reist doch wahrlich nicht, um auf jeder Station einerlei zu sehen und zu h\u00f6ren.&#8221; 14.08.2016<\/p>\n<\/div>\n","protected":false},"excerpt":{"rendered":"<p>Gotha, Bahnhofsvorplatz. Wiekowy Helmut z nisk\u0105 wstawk\u0105 za par\u0119 minut odjedzie w d\u0142ugi kurs do Tabarz. Pe\u0142na sentencja J. W. Goethego, umieszczona na konstrukcji zadaszenia w\u0119z\u0142a przesiadkowego, brzmi: &#8222;Denn man reist doch wahrlich nicht, um auf jeder Station einerlei zu sehen und zu h\u00f6ren.&#8221; 14.08.2016<\/p>\n","protected":false},"author":1,"featured_media":4897,"comment_status":"open","ping_status":"","sticky":false,"template":"","format":"standard","meta":{"footnotes":""},"categories":[125,3],"tags":[1962,1961,238,23,380,1960],"class_list":["post-4896","post","type-post","status-publish","format-standard","has-post-thumbnail","hentry","category-rok-2016","category-tramwaj","tag-2016-08-14","tag-gotha","tag-gt8","tag-niemcy","tag-spod-dworca","tag-twsb-gotha"],"_links":{"self":[{"href":"https:\/\/wgphoto.pl\/t\/index.php?rest_route=\/wp\/v2\/posts\/4896","targetHints":{"allow":["GET"]}}],"collection":[{"href":"https:\/\/wgphoto.pl\/t\/index.php?rest_route=\/wp\/v2\/posts"}],"about":[{"href":"https:\/\/wgphoto.pl\/t\/index.php?rest_route=\/wp\/v2\/types\/post"}],"author":[{"embeddable":true,"href":"https:\/\/wgphoto.pl\/t\/index.php?rest_route=\/wp\/v2\/users\/1"}],"replies":[{"embeddable":true,"href":"https:\/\/wgphoto.pl\/t\/index.php?rest_route=%2Fwp%2Fv2%2Fcomments&post=4896"}],"version-history":[{"count":1,"href":"https:\/\/wgphoto.pl\/t\/index.php?rest_route=\/wp\/v2\/posts\/4896\/revisions"}],"predecessor-version":[{"id":4898,"href":"https:\/\/wgphoto.pl\/t\/index.php?rest_route=\/wp\/v2\/posts\/4896\/revisions\/4898"}],"wp:featuredmedia":[{"embeddable":true,"href":"https:\/\/wgphoto.pl\/t\/index.php?rest_route=\/wp\/v2\/media\/4897"}],"wp:attachment":[{"href":"https:\/\/wgphoto.pl\/t\/index.php?rest_route=%2Fwp%2Fv2%2Fmedia&parent=4896"}],"wp:term":[{"taxonomy":"category","embeddable":true,"href":"https:\/\/wgphoto.pl\/t\/index.php?rest_route=%2Fwp%2Fv2%2Fcategories&post=4896"},{"taxonomy":"post_tag","embeddable":true,"href":"https:\/\/wgphoto.pl\/t\/index.php?rest_route=%2Fwp%2Fv2%2Ftags&post=4896"}],"curies":[{"name":"wp","href":"https:\/\/api.w.org\/{rel}","templated":true}]}}