{"id":493,"date":"2024-09-29T20:21:31","date_gmt":"2024-09-29T18:21:31","guid":{"rendered":"https:\/\/wgphoto.pl\/t\/?p=493"},"modified":"2025-06-08T13:16:51","modified_gmt":"2025-06-08T11:16:51","slug":"ostatni-potrojniak-w-wezle-wroclawskim","status":"publish","type":"post","link":"https:\/\/wgphoto.pl\/t\/?p=493","title":{"rendered":"Ostatni potr\u00f3jniak w w\u0119\u017ale wroc\u0142awskim"},"content":{"rendered":"\n<figure class=\"wp-block-image aligncenter size-full\"><img loading=\"lazy\" decoding=\"async\" width=\"1300\" height=\"862\" src=\"https:\/\/wgphoto.pl\/t\/wp-content\/uploads\/0426-04.jpg\" alt=\"\" class=\"wp-image-494\" srcset=\"https:\/\/wgphoto.pl\/t\/wp-content\/uploads\/0426-04.jpg 1300w, https:\/\/wgphoto.pl\/t\/wp-content\/uploads\/0426-04-300x199.jpg 300w, https:\/\/wgphoto.pl\/t\/wp-content\/uploads\/0426-04-768x509.jpg 768w\" sizes=\"auto, (max-width: 1300px) 100vw, 1300px\" \/><\/figure>\n\n\n\n<div class=\"wp-block-group has-global-padding is-layout-constrained wp-block-group-is-layout-constrained\">\n<p>EN57-1298+1508+1303 w planowej obs\u0142udze poci\u0105gu 627 z Wroc\u0142awia G\u0142\u00f3wnego do Rawicza zatrzymuje si\u0119 na stacji Wroc\u0142aw Osobowice. [20.09.2004]<\/p>\n<\/div>\n","protected":false},"excerpt":{"rendered":"<p>EN57-1298+1508+1303 w planowej obs\u0142udze poci\u0105gu 627 z Wroc\u0142awia G\u0142\u00f3wnego do Rawicza zatrzymuje si\u0119 na stacji Wroc\u0142aw Osobowice. [20.09.2004]<\/p>\n","protected":false},"author":1,"featured_media":494,"comment_status":"open","ping_status":"","sticky":false,"template":"","format":"standard","meta":{"footnotes":""},"categories":[62,2,61],"tags":[192,132,151,63,27,135,190,41,191],"class_list":["post-493","post","type-post","status-publish","format-standard","has-post-thumbnail","hentry","category-analog","category-kolej","category-rok-2004","tag-2004-09-20","tag-en57","tag-ludzie","tag-pkp","tag-polska","tag-potrojniak","tag-tab-pl330","tag-wroclaw","tag-wroclaw-osobowice"],"_links":{"self":[{"href":"https:\/\/wgphoto.pl\/t\/index.php?rest_route=\/wp\/v2\/posts\/493","targetHints":{"allow":["GET"]}}],"collection":[{"href":"https:\/\/wgphoto.pl\/t\/index.php?rest_route=\/wp\/v2\/posts"}],"about":[{"href":"https:\/\/wgphoto.pl\/t\/index.php?rest_route=\/wp\/v2\/types\/post"}],"author":[{"embeddable":true,"href":"https:\/\/wgphoto.pl\/t\/index.php?rest_route=\/wp\/v2\/users\/1"}],"replies":[{"embeddable":true,"href":"https:\/\/wgphoto.pl\/t\/index.php?rest_route=%2Fwp%2Fv2%2Fcomments&post=493"}],"version-history":[{"count":1,"href":"https:\/\/wgphoto.pl\/t\/index.php?rest_route=\/wp\/v2\/posts\/493\/revisions"}],"predecessor-version":[{"id":495,"href":"https:\/\/wgphoto.pl\/t\/index.php?rest_route=\/wp\/v2\/posts\/493\/revisions\/495"}],"wp:featuredmedia":[{"embeddable":true,"href":"https:\/\/wgphoto.pl\/t\/index.php?rest_route=\/wp\/v2\/media\/494"}],"wp:attachment":[{"href":"https:\/\/wgphoto.pl\/t\/index.php?rest_route=%2Fwp%2Fv2%2Fmedia&parent=493"}],"wp:term":[{"taxonomy":"category","embeddable":true,"href":"https:\/\/wgphoto.pl\/t\/index.php?rest_route=%2Fwp%2Fv2%2Fcategories&post=493"},{"taxonomy":"post_tag","embeddable":true,"href":"https:\/\/wgphoto.pl\/t\/index.php?rest_route=%2Fwp%2Fv2%2Ftags&post=493"}],"curies":[{"name":"wp","href":"https:\/\/api.w.org\/{rel}","templated":true}]}}