{"id":4995,"date":"2024-11-06T18:21:53","date_gmt":"2024-11-06T17:21:53","guid":{"rendered":"https:\/\/wgphoto.pl\/t\/?p=4995"},"modified":"2024-11-06T18:21:53","modified_gmt":"2024-11-06T17:21:53","slug":"spokojnie-pod-prad-nie-jedzie","status":"publish","type":"post","link":"https:\/\/wgphoto.pl\/t\/?p=4995","title":{"rendered":"Spokojnie, pod pr\u0105d nie jedzie"},"content":{"rendered":"\n<figure class=\"wp-block-image aligncenter size-full\"><img loading=\"lazy\" decoding=\"async\" width=\"1300\" height=\"862\" src=\"https:\/\/wgphoto.pl\/t\/wp-content\/uploads\/2024\/11\/0327-13.jpg\" alt=\"\" class=\"wp-image-4996\" srcset=\"https:\/\/wgphoto.pl\/t\/wp-content\/uploads\/2024\/11\/0327-13.jpg 1300w, https:\/\/wgphoto.pl\/t\/wp-content\/uploads\/2024\/11\/0327-13-300x199.jpg 300w, https:\/\/wgphoto.pl\/t\/wp-content\/uploads\/2024\/11\/0327-13-768x509.jpg 768w\" sizes=\"auto, (max-width: 1300px) 100vw, 1300px\" \/><\/figure>\n\n\n\n<div class=\"wp-block-group has-global-padding is-layout-constrained wp-block-group-is-layout-constrained\">\n<p>Wroc\u0142aw, ul. Grabiszy\u0144ska, sk\u0142ad 105Na 2488+2486 na wahad\u0142owej linii z Oporowa do pl. Legion\u00f3w. 29.07.2003<\/p>\n<\/div>\n","protected":false},"excerpt":{"rendered":"<p>Wroc\u0142aw, ul. Grabiszy\u0144ska, sk\u0142ad 105Na 2488+2486 na wahad\u0142owej linii z Oporowa do pl. Legion\u00f3w. 29.07.2003<\/p>\n","protected":false},"author":1,"featured_media":4996,"comment_status":"open","ping_status":"","sticky":false,"template":"","format":"standard","meta":{"footnotes":""},"categories":[62,149,3],"tags":[155,1349,173,42,27,1990,41],"class_list":["post-4995","post","type-post","status-publish","format-standard","has-post-thumbnail","hentry","category-analog","category-rok-2003","category-tramwaj","tag-105na","tag-2003-07-29","tag-koncowki","tag-mpk-wroclaw","tag-polska","tag-ruch-wahadlowy","tag-wroclaw"],"_links":{"self":[{"href":"https:\/\/wgphoto.pl\/t\/index.php?rest_route=\/wp\/v2\/posts\/4995","targetHints":{"allow":["GET"]}}],"collection":[{"href":"https:\/\/wgphoto.pl\/t\/index.php?rest_route=\/wp\/v2\/posts"}],"about":[{"href":"https:\/\/wgphoto.pl\/t\/index.php?rest_route=\/wp\/v2\/types\/post"}],"author":[{"embeddable":true,"href":"https:\/\/wgphoto.pl\/t\/index.php?rest_route=\/wp\/v2\/users\/1"}],"replies":[{"embeddable":true,"href":"https:\/\/wgphoto.pl\/t\/index.php?rest_route=%2Fwp%2Fv2%2Fcomments&post=4995"}],"version-history":[{"count":1,"href":"https:\/\/wgphoto.pl\/t\/index.php?rest_route=\/wp\/v2\/posts\/4995\/revisions"}],"predecessor-version":[{"id":4997,"href":"https:\/\/wgphoto.pl\/t\/index.php?rest_route=\/wp\/v2\/posts\/4995\/revisions\/4997"}],"wp:featuredmedia":[{"embeddable":true,"href":"https:\/\/wgphoto.pl\/t\/index.php?rest_route=\/wp\/v2\/media\/4996"}],"wp:attachment":[{"href":"https:\/\/wgphoto.pl\/t\/index.php?rest_route=%2Fwp%2Fv2%2Fmedia&parent=4995"}],"wp:term":[{"taxonomy":"category","embeddable":true,"href":"https:\/\/wgphoto.pl\/t\/index.php?rest_route=%2Fwp%2Fv2%2Fcategories&post=4995"},{"taxonomy":"post_tag","embeddable":true,"href":"https:\/\/wgphoto.pl\/t\/index.php?rest_route=%2Fwp%2Fv2%2Ftags&post=4995"}],"curies":[{"name":"wp","href":"https:\/\/api.w.org\/{rel}","templated":true}]}}