{"id":5002,"date":"2024-11-06T18:24:37","date_gmt":"2024-11-06T17:24:37","guid":{"rendered":"https:\/\/wgphoto.pl\/t\/?p=5002"},"modified":"2026-03-08T18:28:41","modified_gmt":"2026-03-08T17:28:41","slug":"tecza-na-betonie","status":"publish","type":"post","link":"https:\/\/wgphoto.pl\/t\/?p=5002","title":{"rendered":"T\u0119cza na betonie"},"content":{"rendered":"\n<figure class=\"wp-block-image aligncenter size-full\"><img loading=\"lazy\" decoding=\"async\" width=\"1300\" height=\"861\" src=\"https:\/\/wgphoto.pl\/t\/wp-content\/uploads\/2024\/11\/IMGP1181-1.jpg\" alt=\"\" class=\"wp-image-5004\" srcset=\"https:\/\/wgphoto.pl\/t\/wp-content\/uploads\/2024\/11\/IMGP1181-1.jpg 1300w, https:\/\/wgphoto.pl\/t\/wp-content\/uploads\/2024\/11\/IMGP1181-1-300x199.jpg 300w, https:\/\/wgphoto.pl\/t\/wp-content\/uploads\/2024\/11\/IMGP1181-1-768x509.jpg 768w\" sizes=\"auto, (max-width: 1300px) 100vw, 1300px\" \/><\/figure>\n\n\n\n<div class=\"wp-block-group has-global-padding is-layout-constrained wp-block-group-is-layout-constrained\">\n<p>Rotterdam Centraal. Przyjecha\u0142em tam mi\u0119dzymiastowym metrem z Hagi, a poniewa\u017c o\u015bwietenie z pozoru nudnej stacji okaza\u0142o si\u0119 by\u0107 ca\u0142kiem ciekawe, powsta\u0142o takie oto foto. 02.05.2017<\/p>\n<\/div>\n","protected":false},"excerpt":{"rendered":"<p>Rotterdam Centraal. Przyjecha\u0142em tam mi\u0119dzymiastowym metrem z Hagi, a poniewa\u017c o\u015bwietenie z pozoru nudnej stacji okaza\u0142o si\u0119 by\u0107 ca\u0142kiem ciekawe, powsta\u0142o takie oto foto. 02.05.2017<\/p>\n","protected":false},"author":1,"featured_media":5004,"comment_status":"open","ping_status":"","sticky":false,"template":"","format":"standard","meta":{"footnotes":""},"categories":[4,368],"tags":[376,370,173,787,374,375,3602,15],"class_list":["post-5002","post","type-post","status-publish","format-standard","has-post-thumbnail","hentry","category-metro","category-rok-2017","tag-2017-05-02","tag-holandia","tag-koncowki","tag-majowka-2017-2","tag-ret-rotterdam","tag-rotterdam","tag-rotterdamse-metro","tag-tunel"],"_links":{"self":[{"href":"https:\/\/wgphoto.pl\/t\/index.php?rest_route=\/wp\/v2\/posts\/5002","targetHints":{"allow":["GET"]}}],"collection":[{"href":"https:\/\/wgphoto.pl\/t\/index.php?rest_route=\/wp\/v2\/posts"}],"about":[{"href":"https:\/\/wgphoto.pl\/t\/index.php?rest_route=\/wp\/v2\/types\/post"}],"author":[{"embeddable":true,"href":"https:\/\/wgphoto.pl\/t\/index.php?rest_route=\/wp\/v2\/users\/1"}],"replies":[{"embeddable":true,"href":"https:\/\/wgphoto.pl\/t\/index.php?rest_route=%2Fwp%2Fv2%2Fcomments&post=5002"}],"version-history":[{"count":1,"href":"https:\/\/wgphoto.pl\/t\/index.php?rest_route=\/wp\/v2\/posts\/5002\/revisions"}],"predecessor-version":[{"id":5005,"href":"https:\/\/wgphoto.pl\/t\/index.php?rest_route=\/wp\/v2\/posts\/5002\/revisions\/5005"}],"wp:featuredmedia":[{"embeddable":true,"href":"https:\/\/wgphoto.pl\/t\/index.php?rest_route=\/wp\/v2\/media\/5004"}],"wp:attachment":[{"href":"https:\/\/wgphoto.pl\/t\/index.php?rest_route=%2Fwp%2Fv2%2Fmedia&parent=5002"}],"wp:term":[{"taxonomy":"category","embeddable":true,"href":"https:\/\/wgphoto.pl\/t\/index.php?rest_route=%2Fwp%2Fv2%2Fcategories&post=5002"},{"taxonomy":"post_tag","embeddable":true,"href":"https:\/\/wgphoto.pl\/t\/index.php?rest_route=%2Fwp%2Fv2%2Ftags&post=5002"}],"curies":[{"name":"wp","href":"https:\/\/api.w.org\/{rel}","templated":true}]}}