{"id":501,"date":"2024-09-29T20:31:37","date_gmt":"2024-09-29T18:31:37","guid":{"rendered":"https:\/\/wgphoto.pl\/t\/?p=501"},"modified":"2025-08-16T09:07:43","modified_gmt":"2025-08-16T07:07:43","slug":"prawie-typowa-czeska-stacja","status":"publish","type":"post","link":"https:\/\/wgphoto.pl\/t\/?p=501","title":{"rendered":"Prawie typowa czeska stacja"},"content":{"rendered":"\n<figure class=\"wp-block-image aligncenter size-full\"><img loading=\"lazy\" decoding=\"async\" width=\"990\" height=\"660\" src=\"https:\/\/wgphoto.pl\/t\/wp-content\/uploads\/20130814230817_dscf7340.jpg\" alt=\"\" class=\"wp-image-502\" srcset=\"https:\/\/wgphoto.pl\/t\/wp-content\/uploads\/20130814230817_dscf7340.jpg 990w, https:\/\/wgphoto.pl\/t\/wp-content\/uploads\/20130814230817_dscf7340-300x200.jpg 300w, https:\/\/wgphoto.pl\/t\/wp-content\/uploads\/20130814230817_dscf7340-768x512.jpg 768w\" sizes=\"auto, (max-width: 990px) 100vw, 990px\" \/><\/figure>\n\n\n\n<div class=\"wp-block-group has-global-padding is-layout-constrained wp-block-group-is-layout-constrained\">\n<p>Vamberk. Motorak, folklor kwiatowo &#8211; rowerowy oraz uk\u0142ad peron\u00f3w zbli\u017cony do typowej ma\u0142ej czeskiej stacji. Pomin\u0105\u0142bym s\u0142owo &#8222;zbli\u017conej&#8221; gdyby peron przy drugim torze by\u0142 przysuni\u0119ty na wysoko\u015b\u0107 wyj\u015bcia z poczekalni. [13.08.2008]<\/p>\n<\/div>\n","protected":false},"excerpt":{"rendered":"<p>Vamberk. Motorak, folklor kwiatowo &#8211; rowerowy oraz uk\u0142ad peron\u00f3w zbli\u017cony do typowej ma\u0142ej czeskiej stacji. Pomin\u0105\u0142bym s\u0142owo &#8222;zbli\u017conej&#8221; gdyby peron przy drugim torze by\u0142 przysuni\u0119ty na wysoko\u015b\u0107 wyj\u015bcia z poczekalni. [13.08.2008]<\/p>\n","protected":false},"author":1,"featured_media":502,"comment_status":"open","ping_status":"","sticky":false,"template":"","format":"standard","meta":{"footnotes":""},"categories":[2,120],"tags":[197,92,50,49,196,690,195],"class_list":["post-501","post","type-post","status-publish","format-standard","has-post-thumbnail","hentry","category-kolej","category-rok-2008","tag-2008-08-13","tag-92","tag-cd","tag-czechy","tag-linie-raczej-lokalne","tag-tab-cz023","tag-vamberk"],"_links":{"self":[{"href":"https:\/\/wgphoto.pl\/t\/index.php?rest_route=\/wp\/v2\/posts\/501","targetHints":{"allow":["GET"]}}],"collection":[{"href":"https:\/\/wgphoto.pl\/t\/index.php?rest_route=\/wp\/v2\/posts"}],"about":[{"href":"https:\/\/wgphoto.pl\/t\/index.php?rest_route=\/wp\/v2\/types\/post"}],"author":[{"embeddable":true,"href":"https:\/\/wgphoto.pl\/t\/index.php?rest_route=\/wp\/v2\/users\/1"}],"replies":[{"embeddable":true,"href":"https:\/\/wgphoto.pl\/t\/index.php?rest_route=%2Fwp%2Fv2%2Fcomments&post=501"}],"version-history":[{"count":1,"href":"https:\/\/wgphoto.pl\/t\/index.php?rest_route=\/wp\/v2\/posts\/501\/revisions"}],"predecessor-version":[{"id":503,"href":"https:\/\/wgphoto.pl\/t\/index.php?rest_route=\/wp\/v2\/posts\/501\/revisions\/503"}],"wp:featuredmedia":[{"embeddable":true,"href":"https:\/\/wgphoto.pl\/t\/index.php?rest_route=\/wp\/v2\/media\/502"}],"wp:attachment":[{"href":"https:\/\/wgphoto.pl\/t\/index.php?rest_route=%2Fwp%2Fv2%2Fmedia&parent=501"}],"wp:term":[{"taxonomy":"category","embeddable":true,"href":"https:\/\/wgphoto.pl\/t\/index.php?rest_route=%2Fwp%2Fv2%2Fcategories&post=501"},{"taxonomy":"post_tag","embeddable":true,"href":"https:\/\/wgphoto.pl\/t\/index.php?rest_route=%2Fwp%2Fv2%2Ftags&post=501"}],"curies":[{"name":"wp","href":"https:\/\/api.w.org\/{rel}","templated":true}]}}