{"id":5031,"date":"2024-11-06T18:35:13","date_gmt":"2024-11-06T17:35:13","guid":{"rendered":"https:\/\/wgphoto.pl\/t\/?p=5031"},"modified":"2025-06-01T22:04:37","modified_gmt":"2025-06-01T20:04:37","slug":"eso-w-parku","status":"publish","type":"post","link":"https:\/\/wgphoto.pl\/t\/?p=5031","title":{"rendered":"Eso w parku"},"content":{"rendered":"\n<figure class=\"wp-block-image aligncenter size-full\"><img loading=\"lazy\" decoding=\"async\" width=\"1300\" height=\"861\" src=\"https:\/\/wgphoto.pl\/t\/wp-content\/uploads\/2024\/11\/IMGP0874.jpg\" alt=\"\" class=\"wp-image-5032\" srcset=\"https:\/\/wgphoto.pl\/t\/wp-content\/uploads\/2024\/11\/IMGP0874.jpg 1300w, https:\/\/wgphoto.pl\/t\/wp-content\/uploads\/2024\/11\/IMGP0874-300x199.jpg 300w, https:\/\/wgphoto.pl\/t\/wp-content\/uploads\/2024\/11\/IMGP0874-768x509.jpg 768w\" sizes=\"auto, (max-width: 1300px) 100vw, 1300px\" \/><\/figure>\n\n\n\n<div class=\"wp-block-group has-global-padding is-layout-constrained wp-block-group-is-layout-constrained\">\n<p>Eso 362.081-2 z rychlikiem 707 &#8222;Lu\u017enice&#8221; relacji Praha hl.n. &#8211; \u010cesk\u00e9 Velenice mija staw Nov\u00fd u Sob\u011bslavi oraz miejski park i za chwil\u0119 zatrzyma si\u0119 na stacji Sob\u011bslav. To sympatyczne uj\u0119cie znajduje si\u0119 na jednotorowym odcinku, kt\u00f3ry wkr\u00f3tce zostanie zamkni\u0119ty. Budowa odcinka Doub\u00ed u T\u00e1bora &#8211; Sob\u011bslav w zupe\u0142nie nowym, &#8222;wyprostowanym&#8221; przebiegu ju\u017c trwa. 24.09.2020<\/p>\n<\/div>\n","protected":false},"excerpt":{"rendered":"<p>Eso 362.081-2 z rychlikiem 707 &#8222;Lu\u017enice&#8221; relacji Praha hl.n. &#8211; \u010cesk\u00e9 Velenice mija staw Nov\u00fd u Sob\u011bslavi oraz miejski park i za chwil\u0119 zatrzyma si\u0119 na stacji Sob\u011bslav. To sympatyczne uj\u0119cie znajduje si\u0119 na jednotorowym odcinku, kt\u00f3ry wkr\u00f3tce zostanie zamkni\u0119ty. Budowa odcinka Doub\u00ed u T\u00e1bora &#8211; Sob\u011bslav w zupe\u0142nie nowym, &#8222;wyprostowanym&#8221; przebiegu ju\u017c trwa. 24.09.2020<\/p>\n","protected":false},"author":1,"featured_media":5032,"comment_status":"open","ping_status":"","sticky":false,"template":"","format":"standard","meta":{"footnotes":""},"categories":[2,676],"tags":[2001,1362,50,49,2003,395,2000,2002,1694],"class_list":["post-5031","post","type-post","status-publish","format-standard","has-post-thumbnail","hentry","category-kolej","category-rok-2020","tag-2020-09-24","tag-1362","tag-cd","tag-czechy","tag-czeskie-wakacje-2020","tag-lustro","tag-roudna","tag-sobeslav","tag-tab-cz220"],"_links":{"self":[{"href":"https:\/\/wgphoto.pl\/t\/index.php?rest_route=\/wp\/v2\/posts\/5031","targetHints":{"allow":["GET"]}}],"collection":[{"href":"https:\/\/wgphoto.pl\/t\/index.php?rest_route=\/wp\/v2\/posts"}],"about":[{"href":"https:\/\/wgphoto.pl\/t\/index.php?rest_route=\/wp\/v2\/types\/post"}],"author":[{"embeddable":true,"href":"https:\/\/wgphoto.pl\/t\/index.php?rest_route=\/wp\/v2\/users\/1"}],"replies":[{"embeddable":true,"href":"https:\/\/wgphoto.pl\/t\/index.php?rest_route=%2Fwp%2Fv2%2Fcomments&post=5031"}],"version-history":[{"count":1,"href":"https:\/\/wgphoto.pl\/t\/index.php?rest_route=\/wp\/v2\/posts\/5031\/revisions"}],"predecessor-version":[{"id":5033,"href":"https:\/\/wgphoto.pl\/t\/index.php?rest_route=\/wp\/v2\/posts\/5031\/revisions\/5033"}],"wp:featuredmedia":[{"embeddable":true,"href":"https:\/\/wgphoto.pl\/t\/index.php?rest_route=\/wp\/v2\/media\/5032"}],"wp:attachment":[{"href":"https:\/\/wgphoto.pl\/t\/index.php?rest_route=%2Fwp%2Fv2%2Fmedia&parent=5031"}],"wp:term":[{"taxonomy":"category","embeddable":true,"href":"https:\/\/wgphoto.pl\/t\/index.php?rest_route=%2Fwp%2Fv2%2Fcategories&post=5031"},{"taxonomy":"post_tag","embeddable":true,"href":"https:\/\/wgphoto.pl\/t\/index.php?rest_route=%2Fwp%2Fv2%2Ftags&post=5031"}],"curies":[{"name":"wp","href":"https:\/\/api.w.org\/{rel}","templated":true}]}}