{"id":5034,"date":"2024-11-06T18:36:07","date_gmt":"2024-11-06T17:36:07","guid":{"rendered":"https:\/\/wgphoto.pl\/t\/?p=5034"},"modified":"2024-11-06T18:36:07","modified_gmt":"2024-11-06T17:36:07","slug":"mila-niespodzianka","status":"publish","type":"post","link":"https:\/\/wgphoto.pl\/t\/?p=5034","title":{"rendered":"Mi\u0142a niespodzianka"},"content":{"rendered":"\n<figure class=\"wp-block-image aligncenter size-full\"><img loading=\"lazy\" decoding=\"async\" width=\"1300\" height=\"861\" src=\"https:\/\/wgphoto.pl\/t\/wp-content\/uploads\/2024\/11\/IMGP0846.jpg\" alt=\"\" class=\"wp-image-5035\" srcset=\"https:\/\/wgphoto.pl\/t\/wp-content\/uploads\/2024\/11\/IMGP0846.jpg 1300w, https:\/\/wgphoto.pl\/t\/wp-content\/uploads\/2024\/11\/IMGP0846-300x199.jpg 300w, https:\/\/wgphoto.pl\/t\/wp-content\/uploads\/2024\/11\/IMGP0846-768x509.jpg 768w\" sizes=\"auto, (max-width: 1300px) 100vw, 1300px\" \/><\/figure>\n\n\n\n<div class=\"wp-block-group has-global-padding is-layout-constrained wp-block-group-is-layout-constrained\">\n<p>Przychodz\u0105c na stacj\u0119 kwadrans przed odjazdem &#8222;mojego&#8221; poci\u0105gu przyspieszonego 1735 relacji Jind\u0159ich\u016fv Hradec &#8211; \u010cesk\u00e9 Bud\u011bjovice spodziewa\u0142em si\u0119 zasta\u0107 tylko prowadz\u0105c\u0105 go maszyn\u0119 serii 242 (w tym przypadku 242.231-9), a opr\u00f3cz niej pracowa\u0142y jeszcze co najmniej trzy inne: laminatka 230.036-6, widoczny w tle &#8222;Hektor&#8221; serii 721 oraz &#8222;\u017celazko&#8221; manewruj\u0105ce z wagonami towarowymi po prawej. 24.09.2020<\/p>\n<\/div>\n","protected":false},"excerpt":{"rendered":"<p>Przychodz\u0105c na stacj\u0119 kwadrans przed odjazdem &#8222;mojego&#8221; poci\u0105gu przyspieszonego 1735 relacji Jind\u0159ich\u016fv Hradec &#8211; \u010cesk\u00e9 Bud\u011bjovice spodziewa\u0142em si\u0119 zasta\u0107 tylko prowadz\u0105c\u0105 go maszyn\u0119 serii 242 (w tym przypadku 242.231-9), a opr\u00f3cz niej pracowa\u0142y jeszcze co najmniej trzy inne: laminatka 230.036-6, widoczny w tle &#8222;Hektor&#8221; serii 721 oraz &#8222;\u017celazko&#8221; manewruj\u0105ce z wagonami towarowymi po prawej. 24.09.2020<\/p>\n","protected":false},"author":1,"featured_media":5035,"comment_status":"open","ping_status":"","sticky":false,"template":"","format":"standard","meta":{"footnotes":""},"categories":[2,676],"tags":[2001,829,305,50,49,2003,1898,821,24,176,1829],"class_list":["post-5034","post","type-post","status-publish","format-standard","has-post-thumbnail","hentry","category-kolej","category-rok-2020","tag-2020-09-24","tag-829","tag-305","tag-cd","tag-czechy","tag-czeskie-wakacje-2020","tag-jindrichuv-hradec","tag-mgla","tag-perony","tag-rano","tag-tab-cz225"],"_links":{"self":[{"href":"https:\/\/wgphoto.pl\/t\/index.php?rest_route=\/wp\/v2\/posts\/5034","targetHints":{"allow":["GET"]}}],"collection":[{"href":"https:\/\/wgphoto.pl\/t\/index.php?rest_route=\/wp\/v2\/posts"}],"about":[{"href":"https:\/\/wgphoto.pl\/t\/index.php?rest_route=\/wp\/v2\/types\/post"}],"author":[{"embeddable":true,"href":"https:\/\/wgphoto.pl\/t\/index.php?rest_route=\/wp\/v2\/users\/1"}],"replies":[{"embeddable":true,"href":"https:\/\/wgphoto.pl\/t\/index.php?rest_route=%2Fwp%2Fv2%2Fcomments&post=5034"}],"version-history":[{"count":1,"href":"https:\/\/wgphoto.pl\/t\/index.php?rest_route=\/wp\/v2\/posts\/5034\/revisions"}],"predecessor-version":[{"id":5036,"href":"https:\/\/wgphoto.pl\/t\/index.php?rest_route=\/wp\/v2\/posts\/5034\/revisions\/5036"}],"wp:featuredmedia":[{"embeddable":true,"href":"https:\/\/wgphoto.pl\/t\/index.php?rest_route=\/wp\/v2\/media\/5035"}],"wp:attachment":[{"href":"https:\/\/wgphoto.pl\/t\/index.php?rest_route=%2Fwp%2Fv2%2Fmedia&parent=5034"}],"wp:term":[{"taxonomy":"category","embeddable":true,"href":"https:\/\/wgphoto.pl\/t\/index.php?rest_route=%2Fwp%2Fv2%2Fcategories&post=5034"},{"taxonomy":"post_tag","embeddable":true,"href":"https:\/\/wgphoto.pl\/t\/index.php?rest_route=%2Fwp%2Fv2%2Ftags&post=5034"}],"curies":[{"name":"wp","href":"https:\/\/api.w.org\/{rel}","templated":true}]}}