{"id":504,"date":"2024-09-29T20:34:59","date_gmt":"2024-09-29T18:34:59","guid":{"rendered":"https:\/\/wgphoto.pl\/t\/?p=504"},"modified":"2025-08-16T09:07:28","modified_gmt":"2025-08-16T07:07:28","slug":"vamberk","status":"publish","type":"post","link":"https:\/\/wgphoto.pl\/t\/?p=504","title":{"rendered":"Vamberk"},"content":{"rendered":"\n<figure class=\"wp-block-image aligncenter size-full\"><img loading=\"lazy\" decoding=\"async\" width=\"900\" height=\"675\" src=\"https:\/\/wgphoto.pl\/t\/wp-content\/uploads\/20130814230851_dscf7341.jpg\" alt=\"\" class=\"wp-image-505\" srcset=\"https:\/\/wgphoto.pl\/t\/wp-content\/uploads\/20130814230851_dscf7341.jpg 900w, https:\/\/wgphoto.pl\/t\/wp-content\/uploads\/20130814230851_dscf7341-300x225.jpg 300w, https:\/\/wgphoto.pl\/t\/wp-content\/uploads\/20130814230851_dscf7341-768x576.jpg 768w\" sizes=\"auto, (max-width: 900px) 100vw, 900px\" \/><\/figure>\n\n\n\n<div class=\"wp-block-group has-global-padding is-layout-constrained wp-block-group-is-layout-constrained\">\n<p>810 629-6 jako poc. osob. 25238 z Doudleb nad Orlic\u00ed do Rokytnice v Orlick\u00fdch hor\u00e1ch odbywa w Vamberku planowy, 21-minutowy post\u00f3j. Warto zwr\u00f3ci\u0107 uwag\u0119 na s\u0142upki hektometrowe. Jeden z nich wskazuje odleg\u0142o\u015b\u0107 od w\u0119z\u0142owych Doudleb, drugi za\u015b &#8211; pocz\u0105tek linii do Rokytnice. [13.08.2008]<\/p>\n<\/div>\n","protected":false},"excerpt":{"rendered":"<p>810 629-6 jako poc. osob. 25238 z Doudleb nad Orlic\u00ed do Rokytnice v Orlick\u00fdch hor\u00e1ch odbywa w Vamberku planowy, 21-minutowy post\u00f3j. Warto zwr\u00f3ci\u0107 uwag\u0119 na s\u0142upki hektometrowe. Jeden z nich wskazuje odleg\u0142o\u015b\u0107 od w\u0119z\u0142owych Doudleb, drugi za\u015b &#8211; pocz\u0105tek linii do Rokytnice. [13.08.2008]<\/p>\n","protected":false},"author":1,"featured_media":505,"comment_status":"open","ping_status":"","sticky":false,"template":"","format":"standard","meta":{"footnotes":""},"categories":[2,120],"tags":[197,92,50,49,196,690,195],"class_list":["post-504","post","type-post","status-publish","format-standard","has-post-thumbnail","hentry","category-kolej","category-rok-2008","tag-2008-08-13","tag-92","tag-cd","tag-czechy","tag-linie-raczej-lokalne","tag-tab-cz023","tag-vamberk"],"_links":{"self":[{"href":"https:\/\/wgphoto.pl\/t\/index.php?rest_route=\/wp\/v2\/posts\/504","targetHints":{"allow":["GET"]}}],"collection":[{"href":"https:\/\/wgphoto.pl\/t\/index.php?rest_route=\/wp\/v2\/posts"}],"about":[{"href":"https:\/\/wgphoto.pl\/t\/index.php?rest_route=\/wp\/v2\/types\/post"}],"author":[{"embeddable":true,"href":"https:\/\/wgphoto.pl\/t\/index.php?rest_route=\/wp\/v2\/users\/1"}],"replies":[{"embeddable":true,"href":"https:\/\/wgphoto.pl\/t\/index.php?rest_route=%2Fwp%2Fv2%2Fcomments&post=504"}],"version-history":[{"count":1,"href":"https:\/\/wgphoto.pl\/t\/index.php?rest_route=\/wp\/v2\/posts\/504\/revisions"}],"predecessor-version":[{"id":506,"href":"https:\/\/wgphoto.pl\/t\/index.php?rest_route=\/wp\/v2\/posts\/504\/revisions\/506"}],"wp:featuredmedia":[{"embeddable":true,"href":"https:\/\/wgphoto.pl\/t\/index.php?rest_route=\/wp\/v2\/media\/505"}],"wp:attachment":[{"href":"https:\/\/wgphoto.pl\/t\/index.php?rest_route=%2Fwp%2Fv2%2Fmedia&parent=504"}],"wp:term":[{"taxonomy":"category","embeddable":true,"href":"https:\/\/wgphoto.pl\/t\/index.php?rest_route=%2Fwp%2Fv2%2Fcategories&post=504"},{"taxonomy":"post_tag","embeddable":true,"href":"https:\/\/wgphoto.pl\/t\/index.php?rest_route=%2Fwp%2Fv2%2Ftags&post=504"}],"curies":[{"name":"wp","href":"https:\/\/api.w.org\/{rel}","templated":true}]}}