{"id":5040,"date":"2024-11-06T18:38:31","date_gmt":"2024-11-06T17:38:31","guid":{"rendered":"https:\/\/wgphoto.pl\/t\/?p=5040"},"modified":"2024-11-06T18:38:31","modified_gmt":"2024-11-06T17:38:31","slug":"eu07-096-henrykow","status":"publish","type":"post","link":"https:\/\/wgphoto.pl\/t\/?p=5040","title":{"rendered":"EU07-096, Henryk\u00f3w"},"content":{"rendered":"\n<figure class=\"wp-block-image aligncenter size-full\"><img loading=\"lazy\" decoding=\"async\" width=\"1300\" height=\"867\" src=\"https:\/\/wgphoto.pl\/t\/wp-content\/uploads\/2024\/11\/0621-25.jpg\" alt=\"\" class=\"wp-image-5041\" srcset=\"https:\/\/wgphoto.pl\/t\/wp-content\/uploads\/2024\/11\/0621-25.jpg 1300w, https:\/\/wgphoto.pl\/t\/wp-content\/uploads\/2024\/11\/0621-25-300x200.jpg 300w, https:\/\/wgphoto.pl\/t\/wp-content\/uploads\/2024\/11\/0621-25-768x512.jpg 768w\" sizes=\"auto, (max-width: 1300px) 100vw, 1300px\" \/><\/figure>\n\n\n\n<div class=\"wp-block-group has-global-padding is-layout-constrained wp-block-group-is-layout-constrained\">\n<p>EU07-096 z poci\u0105giem pospiesznym 250\/76005 relacji Pozna\u0144 G\u0142. &#8211; Praha hl.n. wje\u017cd\u017ca na stacj\u0119 Henryk\u00f3w, mijaj\u0105c nastawni\u0119 dysponuj\u0105c\u0105. 02.09.2006<\/p>\n<\/div>\n","protected":false},"excerpt":{"rendered":"<p>EU07-096 z poci\u0105giem pospiesznym 250\/76005 relacji Pozna\u0144 G\u0142. &#8211; Praha hl.n. wje\u017cd\u017ca na stacj\u0119 Henryk\u00f3w, mijaj\u0105c nastawni\u0119 dysponuj\u0105c\u0105. 02.09.2006<\/p>\n","protected":false},"author":1,"featured_media":5041,"comment_status":"open","ping_status":"","sticky":false,"template":"","format":"standard","meta":{"footnotes":""},"categories":[62,2,130],"tags":[2004,122,2005,63,27,383],"class_list":["post-5040","post","type-post","status-publish","format-standard","has-post-thumbnail","hentry","category-analog","category-kolej","category-rok-2006","tag-2006-09-02","tag-eu07","tag-henrykow","tag-pkp","tag-polska","tag-tab-pl230"],"_links":{"self":[{"href":"https:\/\/wgphoto.pl\/t\/index.php?rest_route=\/wp\/v2\/posts\/5040","targetHints":{"allow":["GET"]}}],"collection":[{"href":"https:\/\/wgphoto.pl\/t\/index.php?rest_route=\/wp\/v2\/posts"}],"about":[{"href":"https:\/\/wgphoto.pl\/t\/index.php?rest_route=\/wp\/v2\/types\/post"}],"author":[{"embeddable":true,"href":"https:\/\/wgphoto.pl\/t\/index.php?rest_route=\/wp\/v2\/users\/1"}],"replies":[{"embeddable":true,"href":"https:\/\/wgphoto.pl\/t\/index.php?rest_route=%2Fwp%2Fv2%2Fcomments&post=5040"}],"version-history":[{"count":1,"href":"https:\/\/wgphoto.pl\/t\/index.php?rest_route=\/wp\/v2\/posts\/5040\/revisions"}],"predecessor-version":[{"id":5042,"href":"https:\/\/wgphoto.pl\/t\/index.php?rest_route=\/wp\/v2\/posts\/5040\/revisions\/5042"}],"wp:featuredmedia":[{"embeddable":true,"href":"https:\/\/wgphoto.pl\/t\/index.php?rest_route=\/wp\/v2\/media\/5041"}],"wp:attachment":[{"href":"https:\/\/wgphoto.pl\/t\/index.php?rest_route=%2Fwp%2Fv2%2Fmedia&parent=5040"}],"wp:term":[{"taxonomy":"category","embeddable":true,"href":"https:\/\/wgphoto.pl\/t\/index.php?rest_route=%2Fwp%2Fv2%2Fcategories&post=5040"},{"taxonomy":"post_tag","embeddable":true,"href":"https:\/\/wgphoto.pl\/t\/index.php?rest_route=%2Fwp%2Fv2%2Ftags&post=5040"}],"curies":[{"name":"wp","href":"https:\/\/api.w.org\/{rel}","templated":true}]}}