{"id":5092,"date":"2024-11-07T17:11:35","date_gmt":"2024-11-07T16:11:35","guid":{"rendered":"https:\/\/wgphoto.pl\/t\/?p=5092"},"modified":"2024-11-07T17:11:35","modified_gmt":"2024-11-07T16:11:35","slug":"trzy-rozne","status":"publish","type":"post","link":"https:\/\/wgphoto.pl\/t\/?p=5092","title":{"rendered":"Trzy r\u00f3\u017cne"},"content":{"rendered":"\n<figure class=\"wp-block-image aligncenter size-full\"><img loading=\"lazy\" decoding=\"async\" width=\"1300\" height=\"867\" src=\"https:\/\/wgphoto.pl\/t\/wp-content\/uploads\/2024\/11\/2000n-37a.jpg\" alt=\"\" class=\"wp-image-5093\" srcset=\"https:\/\/wgphoto.pl\/t\/wp-content\/uploads\/2024\/11\/2000n-37a.jpg 1300w, https:\/\/wgphoto.pl\/t\/wp-content\/uploads\/2024\/11\/2000n-37a-300x200.jpg 300w, https:\/\/wgphoto.pl\/t\/wp-content\/uploads\/2024\/11\/2000n-37a-768x512.jpg 768w\" sizes=\"auto, (max-width: 1300px) 100vw, 1300px\" \/><\/figure>\n\n\n\n<div class=\"wp-block-group has-global-padding is-layout-constrained wp-block-group-is-layout-constrained\">\n<p>SU45-057, 098 i 077 na wachlarzu lokomotywowni Leszno. Wszystkie maszyny niby takie same, a jednak si\u0119 r\u00f3\u017cni\u0105. 27.12.2000<\/p>\n<\/div>\n","protected":false},"excerpt":{"rendered":"<p>SU45-057, 098 i 077 na wachlarzu lokomotywowni Leszno. Wszystkie maszyny niby takie same, a jednak si\u0119 r\u00f3\u017cni\u0105. 27.12.2000<\/p>\n","protected":false},"author":1,"featured_media":5093,"comment_status":"open","ping_status":"","sticky":false,"template":"","format":"standard","meta":{"footnotes":""},"categories":[62,2,1099],"tags":[1572,494,513,359,63,27,44,290],"class_list":["post-5092","post","type-post","status-publish","format-standard","has-post-thumbnail","hentry","category-analog","category-kolej","category-rok-2000","tag-2000-12-27","tag-flaga","tag-leszno","tag-lokomotywownia","tag-pkp","tag-polska","tag-snieg","tag-su45"],"_links":{"self":[{"href":"https:\/\/wgphoto.pl\/t\/index.php?rest_route=\/wp\/v2\/posts\/5092","targetHints":{"allow":["GET"]}}],"collection":[{"href":"https:\/\/wgphoto.pl\/t\/index.php?rest_route=\/wp\/v2\/posts"}],"about":[{"href":"https:\/\/wgphoto.pl\/t\/index.php?rest_route=\/wp\/v2\/types\/post"}],"author":[{"embeddable":true,"href":"https:\/\/wgphoto.pl\/t\/index.php?rest_route=\/wp\/v2\/users\/1"}],"replies":[{"embeddable":true,"href":"https:\/\/wgphoto.pl\/t\/index.php?rest_route=%2Fwp%2Fv2%2Fcomments&post=5092"}],"version-history":[{"count":1,"href":"https:\/\/wgphoto.pl\/t\/index.php?rest_route=\/wp\/v2\/posts\/5092\/revisions"}],"predecessor-version":[{"id":5094,"href":"https:\/\/wgphoto.pl\/t\/index.php?rest_route=\/wp\/v2\/posts\/5092\/revisions\/5094"}],"wp:featuredmedia":[{"embeddable":true,"href":"https:\/\/wgphoto.pl\/t\/index.php?rest_route=\/wp\/v2\/media\/5093"}],"wp:attachment":[{"href":"https:\/\/wgphoto.pl\/t\/index.php?rest_route=%2Fwp%2Fv2%2Fmedia&parent=5092"}],"wp:term":[{"taxonomy":"category","embeddable":true,"href":"https:\/\/wgphoto.pl\/t\/index.php?rest_route=%2Fwp%2Fv2%2Fcategories&post=5092"},{"taxonomy":"post_tag","embeddable":true,"href":"https:\/\/wgphoto.pl\/t\/index.php?rest_route=%2Fwp%2Fv2%2Ftags&post=5092"}],"curies":[{"name":"wp","href":"https:\/\/api.w.org\/{rel}","templated":true}]}}