{"id":5095,"date":"2024-11-07T17:12:33","date_gmt":"2024-11-07T16:12:33","guid":{"rendered":"https:\/\/wgphoto.pl\/t\/?p=5095"},"modified":"2024-11-07T17:12:33","modified_gmt":"2024-11-07T16:12:33","slug":"gdynia-glowna-osobowa","status":"publish","type":"post","link":"https:\/\/wgphoto.pl\/t\/?p=5095","title":{"rendered":"Gdynia G\u0142\u00f3wna Osobowa"},"content":{"rendered":"\n<figure class=\"wp-block-image aligncenter size-full\"><img loading=\"lazy\" decoding=\"async\" width=\"1300\" height=\"867\" src=\"https:\/\/wgphoto.pl\/t\/wp-content\/uploads\/2024\/11\/2002B-16AA.jpg\" alt=\"\" class=\"wp-image-5096\" srcset=\"https:\/\/wgphoto.pl\/t\/wp-content\/uploads\/2024\/11\/2002B-16AA.jpg 1300w, https:\/\/wgphoto.pl\/t\/wp-content\/uploads\/2024\/11\/2002B-16AA-300x200.jpg 300w, https:\/\/wgphoto.pl\/t\/wp-content\/uploads\/2024\/11\/2002B-16AA-768x512.jpg 768w\" sizes=\"auto, (max-width: 1300px) 100vw, 1300px\" \/><\/figure>\n\n\n\n<div class=\"wp-block-group has-global-padding is-layout-constrained wp-block-group-is-layout-constrained\">\n<p>EU07-337 pojedzie z nocnym poci\u0105giem pospiesznym 53500 do Zakopanego, Krynicy i Zag\u00f3rza (tak tak, nocny poci\u0105g odje\u017cd\u017caj\u0105cy oko\u0142o godz. 14!), a EU07-423 z poci\u0105giem osobowym 55428 do Torunia. 07.02.2002<\/p>\n<\/div>\n","protected":false},"excerpt":{"rendered":"<p>EU07-337 pojedzie z nocnym poci\u0105giem pospiesznym 53500 do Zakopanego, Krynicy i Zag\u00f3rza (tak tak, nocny poci\u0105g odje\u017cd\u017caj\u0105cy oko\u0142o godz. 14!), a EU07-423 z poci\u0105giem osobowym 55428 do Torunia. 07.02.2002<\/p>\n","protected":false},"author":1,"featured_media":5096,"comment_status":"open","ping_status":"","sticky":false,"template":"","format":"standard","meta":{"footnotes":""},"categories":[62,2,577],"tags":[610,122,150,63,27],"class_list":["post-5095","post","type-post","status-publish","format-standard","has-post-thumbnail","hentry","category-analog","category-kolej","category-rok-2002","tag-2002-02-07","tag-eu07","tag-gdynia-glowna","tag-pkp","tag-polska"],"_links":{"self":[{"href":"https:\/\/wgphoto.pl\/t\/index.php?rest_route=\/wp\/v2\/posts\/5095","targetHints":{"allow":["GET"]}}],"collection":[{"href":"https:\/\/wgphoto.pl\/t\/index.php?rest_route=\/wp\/v2\/posts"}],"about":[{"href":"https:\/\/wgphoto.pl\/t\/index.php?rest_route=\/wp\/v2\/types\/post"}],"author":[{"embeddable":true,"href":"https:\/\/wgphoto.pl\/t\/index.php?rest_route=\/wp\/v2\/users\/1"}],"replies":[{"embeddable":true,"href":"https:\/\/wgphoto.pl\/t\/index.php?rest_route=%2Fwp%2Fv2%2Fcomments&post=5095"}],"version-history":[{"count":1,"href":"https:\/\/wgphoto.pl\/t\/index.php?rest_route=\/wp\/v2\/posts\/5095\/revisions"}],"predecessor-version":[{"id":5097,"href":"https:\/\/wgphoto.pl\/t\/index.php?rest_route=\/wp\/v2\/posts\/5095\/revisions\/5097"}],"wp:featuredmedia":[{"embeddable":true,"href":"https:\/\/wgphoto.pl\/t\/index.php?rest_route=\/wp\/v2\/media\/5096"}],"wp:attachment":[{"href":"https:\/\/wgphoto.pl\/t\/index.php?rest_route=%2Fwp%2Fv2%2Fmedia&parent=5095"}],"wp:term":[{"taxonomy":"category","embeddable":true,"href":"https:\/\/wgphoto.pl\/t\/index.php?rest_route=%2Fwp%2Fv2%2Fcategories&post=5095"},{"taxonomy":"post_tag","embeddable":true,"href":"https:\/\/wgphoto.pl\/t\/index.php?rest_route=%2Fwp%2Fv2%2Ftags&post=5095"}],"curies":[{"name":"wp","href":"https:\/\/api.w.org\/{rel}","templated":true}]}}