{"id":5102,"date":"2024-11-07T17:15:00","date_gmt":"2024-11-07T16:15:00","guid":{"rendered":"https:\/\/wgphoto.pl\/t\/?p=5102"},"modified":"2025-12-21T20:32:56","modified_gmt":"2025-12-21T19:32:56","slug":"wypatrujac-jesieni","status":"publish","type":"post","link":"https:\/\/wgphoto.pl\/t\/?p=5102","title":{"rendered":"Wypatruj\u0105c jesieni"},"content":{"rendered":"\n<figure class=\"wp-block-image aligncenter size-full\"><img loading=\"lazy\" decoding=\"async\" width=\"1300\" height=\"861\" src=\"https:\/\/wgphoto.pl\/t\/wp-content\/uploads\/2024\/11\/IMGP0959.jpg\" alt=\"\" class=\"wp-image-5103\" srcset=\"https:\/\/wgphoto.pl\/t\/wp-content\/uploads\/2024\/11\/IMGP0959.jpg 1300w, https:\/\/wgphoto.pl\/t\/wp-content\/uploads\/2024\/11\/IMGP0959-300x199.jpg 300w, https:\/\/wgphoto.pl\/t\/wp-content\/uploads\/2024\/11\/IMGP0959-768x509.jpg 768w\" sizes=\"auto, (max-width: 1300px) 100vw, 1300px\" \/><\/figure>\n\n\n\n<div class=\"wp-block-group has-global-padding is-layout-constrained wp-block-group-is-layout-constrained\">\n<p>Wroc\u0142aw, ul. Piotra Skargi. Moderus MF19AC #2812 w czasie postoju na przystanku <em>Wzg\u00f3rze Partyzant\u00f3w<\/em>, znanym niegdy\u015b pod lepsz\u0105, moim zdaniem, nazw\u0105 <em>Eureka<\/em>. Od wielu lat chodzi\u0142 mi po g\u0142owie taki kadr i s\u0142usznie, bo uwa\u017cam \u017ce to niez\u0142e spojrzenie. 09.10.2020<\/p>\n<\/div>\n","protected":false},"excerpt":{"rendered":"<p>Wroc\u0142aw, ul. Piotra Skargi. Moderus MF19AC #2812 w czasie postoju na przystanku Wzg\u00f3rze Partyzant\u00f3w, znanym niegdy\u015b pod lepsz\u0105, moim zdaniem, nazw\u0105 Eureka. Od wielu lat chodzi\u0142 mi po g\u0142owie taki kadr i s\u0142usznie, bo uwa\u017cam \u017ce to niez\u0142e spojrzenie. 09.10.2020<\/p>\n","protected":false},"author":1,"featured_media":5103,"comment_status":"open","ping_status":"","sticky":false,"template":"","format":"standard","meta":{"footnotes":""},"categories":[676,3],"tags":[1845,395,4603,501,45,42,27,73,223,41],"class_list":["post-5102","post","type-post","status-publish","format-standard","has-post-thumbnail","hentry","category-rok-2020","category-tramwaj","tag-2020-10-09","tag-lustro","tag-mf19ac","tag-moderus-beta","tag-most","tag-mpk-wroclaw","tag-polska","tag-rzeka","tag-symetria","tag-wroclaw"],"_links":{"self":[{"href":"https:\/\/wgphoto.pl\/t\/index.php?rest_route=\/wp\/v2\/posts\/5102","targetHints":{"allow":["GET"]}}],"collection":[{"href":"https:\/\/wgphoto.pl\/t\/index.php?rest_route=\/wp\/v2\/posts"}],"about":[{"href":"https:\/\/wgphoto.pl\/t\/index.php?rest_route=\/wp\/v2\/types\/post"}],"author":[{"embeddable":true,"href":"https:\/\/wgphoto.pl\/t\/index.php?rest_route=\/wp\/v2\/users\/1"}],"replies":[{"embeddable":true,"href":"https:\/\/wgphoto.pl\/t\/index.php?rest_route=%2Fwp%2Fv2%2Fcomments&post=5102"}],"version-history":[{"count":1,"href":"https:\/\/wgphoto.pl\/t\/index.php?rest_route=\/wp\/v2\/posts\/5102\/revisions"}],"predecessor-version":[{"id":5104,"href":"https:\/\/wgphoto.pl\/t\/index.php?rest_route=\/wp\/v2\/posts\/5102\/revisions\/5104"}],"wp:featuredmedia":[{"embeddable":true,"href":"https:\/\/wgphoto.pl\/t\/index.php?rest_route=\/wp\/v2\/media\/5103"}],"wp:attachment":[{"href":"https:\/\/wgphoto.pl\/t\/index.php?rest_route=%2Fwp%2Fv2%2Fmedia&parent=5102"}],"wp:term":[{"taxonomy":"category","embeddable":true,"href":"https:\/\/wgphoto.pl\/t\/index.php?rest_route=%2Fwp%2Fv2%2Fcategories&post=5102"},{"taxonomy":"post_tag","embeddable":true,"href":"https:\/\/wgphoto.pl\/t\/index.php?rest_route=%2Fwp%2Fv2%2Ftags&post=5102"}],"curies":[{"name":"wp","href":"https:\/\/api.w.org\/{rel}","templated":true}]}}