{"id":5105,"date":"2024-11-07T17:15:53","date_gmt":"2024-11-07T16:15:53","guid":{"rendered":"https:\/\/wgphoto.pl\/t\/?p=5105"},"modified":"2024-11-07T17:15:53","modified_gmt":"2024-11-07T16:15:53","slug":"gdzie-jest-jesien","status":"publish","type":"post","link":"https:\/\/wgphoto.pl\/t\/?p=5105","title":{"rendered":"Gdzie jest jesie\u0144?"},"content":{"rendered":"\n<figure class=\"wp-block-image aligncenter size-full\"><img loading=\"lazy\" decoding=\"async\" width=\"1300\" height=\"861\" src=\"https:\/\/wgphoto.pl\/t\/wp-content\/uploads\/2024\/11\/IMGP0993.jpg\" alt=\"\" class=\"wp-image-5106\" srcset=\"https:\/\/wgphoto.pl\/t\/wp-content\/uploads\/2024\/11\/IMGP0993.jpg 1300w, https:\/\/wgphoto.pl\/t\/wp-content\/uploads\/2024\/11\/IMGP0993-300x199.jpg 300w, https:\/\/wgphoto.pl\/t\/wp-content\/uploads\/2024\/11\/IMGP0993-768x509.jpg 768w\" sizes=\"auto, (max-width: 1300px) 100vw, 1300px\" \/><\/figure>\n\n\n\n<div class=\"wp-block-group has-global-padding is-layout-constrained wp-block-group-is-layout-constrained\">\n<p>Poci\u0105g przyspieszony 69316 &#8222;Szczeliniec&#8221; z Kudowy-Zdroju (K\u0142odzka G\u0142\u00f3wnego) do Wroc\u0142awia przekracza Nys\u0119 K\u0142odzk\u0105 w Bardzie. Z powodu prac torowych z Kudowy do K\u0142odzka kursuj\u0105 autobusy zast\u0119pcze, a na zadrutowanym odcinku, jak wida\u0107, zmieniono obiegi, st\u0105d te\u017c poci\u0105g elektryczny w takiej relacji. 11.10.2020<\/p>\n<\/div>\n","protected":false},"excerpt":{"rendered":"<p>Poci\u0105g przyspieszony 69316 &#8222;Szczeliniec&#8221; z Kudowy-Zdroju (K\u0142odzka G\u0142\u00f3wnego) do Wroc\u0142awia przekracza Nys\u0119 K\u0142odzk\u0105 w Bardzie. Z powodu prac torowych z Kudowy do K\u0142odzka kursuj\u0105 autobusy zast\u0119pcze, a na zadrutowanym odcinku, jak wida\u0107, zmieniono obiegi, st\u0105d te\u017c poci\u0105g elektryczny w takiej relacji. 11.10.2020<\/p>\n","protected":false},"author":1,"featured_media":5106,"comment_status":"open","ping_status":"","sticky":false,"template":"","format":"standard","meta":{"footnotes":""},"categories":[2,676],"tags":[2014,659,1227,114,402,113,404,27,73,383],"class_list":["post-5105","post","type-post","status-publish","format-standard","has-post-thumbnail","hentry","category-kolej","category-rok-2020","tag-2020-10-11","tag-31we","tag-bardo-slaskie","tag-gory","tag-kd","tag-landszaft","tag-newag-impuls","tag-polska","tag-rzeka","tag-tab-pl230"],"_links":{"self":[{"href":"https:\/\/wgphoto.pl\/t\/index.php?rest_route=\/wp\/v2\/posts\/5105","targetHints":{"allow":["GET"]}}],"collection":[{"href":"https:\/\/wgphoto.pl\/t\/index.php?rest_route=\/wp\/v2\/posts"}],"about":[{"href":"https:\/\/wgphoto.pl\/t\/index.php?rest_route=\/wp\/v2\/types\/post"}],"author":[{"embeddable":true,"href":"https:\/\/wgphoto.pl\/t\/index.php?rest_route=\/wp\/v2\/users\/1"}],"replies":[{"embeddable":true,"href":"https:\/\/wgphoto.pl\/t\/index.php?rest_route=%2Fwp%2Fv2%2Fcomments&post=5105"}],"version-history":[{"count":1,"href":"https:\/\/wgphoto.pl\/t\/index.php?rest_route=\/wp\/v2\/posts\/5105\/revisions"}],"predecessor-version":[{"id":5107,"href":"https:\/\/wgphoto.pl\/t\/index.php?rest_route=\/wp\/v2\/posts\/5105\/revisions\/5107"}],"wp:featuredmedia":[{"embeddable":true,"href":"https:\/\/wgphoto.pl\/t\/index.php?rest_route=\/wp\/v2\/media\/5106"}],"wp:attachment":[{"href":"https:\/\/wgphoto.pl\/t\/index.php?rest_route=%2Fwp%2Fv2%2Fmedia&parent=5105"}],"wp:term":[{"taxonomy":"category","embeddable":true,"href":"https:\/\/wgphoto.pl\/t\/index.php?rest_route=%2Fwp%2Fv2%2Fcategories&post=5105"},{"taxonomy":"post_tag","embeddable":true,"href":"https:\/\/wgphoto.pl\/t\/index.php?rest_route=%2Fwp%2Fv2%2Ftags&post=5105"}],"curies":[{"name":"wp","href":"https:\/\/api.w.org\/{rel}","templated":true}]}}