{"id":5114,"date":"2024-11-07T17:18:37","date_gmt":"2024-11-07T16:18:37","guid":{"rendered":"https:\/\/wgphoto.pl\/t\/?p=5114"},"modified":"2024-11-07T17:18:37","modified_gmt":"2024-11-07T16:18:37","slug":"knautkleeberg","status":"publish","type":"post","link":"https:\/\/wgphoto.pl\/t\/?p=5114","title":{"rendered":"Knautkleeberg"},"content":{"rendered":"\n<figure class=\"wp-block-image aligncenter size-full\"><img loading=\"lazy\" decoding=\"async\" width=\"1300\" height=\"861\" src=\"https:\/\/wgphoto.pl\/t\/wp-content\/uploads\/2024\/11\/IMGP1476.jpg\" alt=\"\" class=\"wp-image-5115\" srcset=\"https:\/\/wgphoto.pl\/t\/wp-content\/uploads\/2024\/11\/IMGP1476.jpg 1300w, https:\/\/wgphoto.pl\/t\/wp-content\/uploads\/2024\/11\/IMGP1476-300x199.jpg 300w, https:\/\/wgphoto.pl\/t\/wp-content\/uploads\/2024\/11\/IMGP1476-768x509.jpg 768w\" sizes=\"auto, (max-width: 1300px) 100vw, 1300px\" \/><\/figure>\n\n\n\n<div class=\"wp-block-group has-global-padding is-layout-constrained wp-block-group-is-layout-constrained\">\n<p>Lipsk, Dieskaustra\u00dfe. Potr\u00f3jniak prowadzony wagonem T4D-M1 nr 2111 jedzie jednotorowym odcinkiem poprowadzonym \u015brodkiem g\u0142\u00f3wnej ulicy w dzielnicy Knautkleeberg-Knauthain i zaraz dotrze do p\u0119tli ko\u0144cowej. 03.05.2017<\/p>\n<\/div>\n","protected":false},"excerpt":{"rendered":"<p>Lipsk, Dieskaustra\u00dfe. Potr\u00f3jniak prowadzony wagonem T4D-M1 nr 2111 jedzie jednotorowym odcinkiem poprowadzonym \u015brodkiem g\u0142\u00f3wnej ulicy w dzielnicy Knautkleeberg-Knauthain i zaraz dotrze do p\u0119tli ko\u0144cowej. 03.05.2017<\/p>\n","protected":false},"author":1,"featured_media":5115,"comment_status":"open","ping_status":"","sticky":false,"template":"","format":"standard","meta":{"footnotes":""},"categories":[368,3],"tags":[1181,1180,1179,787,23,143,135,1112],"class_list":["post-5114","post","type-post","status-publish","format-standard","has-post-thumbnail","hentry","category-rok-2017","category-tramwaj","tag-2017-05-03","tag-lipsk","tag-lvb-leipzig","tag-majowka-2017-2","tag-niemcy","tag-ponad-30m","tag-potrojniak","tag-tatra-t4"],"_links":{"self":[{"href":"https:\/\/wgphoto.pl\/t\/index.php?rest_route=\/wp\/v2\/posts\/5114","targetHints":{"allow":["GET"]}}],"collection":[{"href":"https:\/\/wgphoto.pl\/t\/index.php?rest_route=\/wp\/v2\/posts"}],"about":[{"href":"https:\/\/wgphoto.pl\/t\/index.php?rest_route=\/wp\/v2\/types\/post"}],"author":[{"embeddable":true,"href":"https:\/\/wgphoto.pl\/t\/index.php?rest_route=\/wp\/v2\/users\/1"}],"replies":[{"embeddable":true,"href":"https:\/\/wgphoto.pl\/t\/index.php?rest_route=%2Fwp%2Fv2%2Fcomments&post=5114"}],"version-history":[{"count":1,"href":"https:\/\/wgphoto.pl\/t\/index.php?rest_route=\/wp\/v2\/posts\/5114\/revisions"}],"predecessor-version":[{"id":5116,"href":"https:\/\/wgphoto.pl\/t\/index.php?rest_route=\/wp\/v2\/posts\/5114\/revisions\/5116"}],"wp:featuredmedia":[{"embeddable":true,"href":"https:\/\/wgphoto.pl\/t\/index.php?rest_route=\/wp\/v2\/media\/5115"}],"wp:attachment":[{"href":"https:\/\/wgphoto.pl\/t\/index.php?rest_route=%2Fwp%2Fv2%2Fmedia&parent=5114"}],"wp:term":[{"taxonomy":"category","embeddable":true,"href":"https:\/\/wgphoto.pl\/t\/index.php?rest_route=%2Fwp%2Fv2%2Fcategories&post=5114"},{"taxonomy":"post_tag","embeddable":true,"href":"https:\/\/wgphoto.pl\/t\/index.php?rest_route=%2Fwp%2Fv2%2Ftags&post=5114"}],"curies":[{"name":"wp","href":"https:\/\/api.w.org\/{rel}","templated":true}]}}