{"id":5133,"date":"2024-11-07T17:26:55","date_gmt":"2024-11-07T16:26:55","guid":{"rendered":"https:\/\/wgphoto.pl\/t\/?p=5133"},"modified":"2024-11-07T17:26:55","modified_gmt":"2024-11-07T16:26:55","slug":"su42-520-walbrzych-glowny","status":"publish","type":"post","link":"https:\/\/wgphoto.pl\/t\/?p=5133","title":{"rendered":"SU42-520, Wa\u0142brzych G\u0142\u00f3wny"},"content":{"rendered":"\n<figure class=\"wp-block-image aligncenter size-full\"><img loading=\"lazy\" decoding=\"async\" width=\"1300\" height=\"867\" src=\"https:\/\/wgphoto.pl\/t\/wp-content\/uploads\/2024\/11\/0402-06.jpg\" alt=\"\" class=\"wp-image-5134\" srcset=\"https:\/\/wgphoto.pl\/t\/wp-content\/uploads\/2024\/11\/0402-06.jpg 1300w, https:\/\/wgphoto.pl\/t\/wp-content\/uploads\/2024\/11\/0402-06-300x200.jpg 300w, https:\/\/wgphoto.pl\/t\/wp-content\/uploads\/2024\/11\/0402-06-768x512.jpg 768w\" sizes=\"auto, (max-width: 1300px) 100vw, 1300px\" \/><\/figure>\n\n\n\n<div class=\"wp-block-group has-global-padding is-layout-constrained wp-block-group-is-layout-constrained\">\n<p>Poci\u0105g osobowy 8034 relacji Wa\u0142brzych G\u0142. &#8211; K\u0142odzko G\u0142. \u017cwawo startuje ze stacji pocz\u0105tkowej. 06.02.2004<\/p>\n<\/div>\n","protected":false},"excerpt":{"rendered":"<p>Poci\u0105g osobowy 8034 relacji Wa\u0142brzych G\u0142. &#8211; K\u0142odzko G\u0142. \u017cwawo startuje ze stacji pocz\u0105tkowej. 06.02.2004<\/p>\n","protected":false},"author":1,"featured_media":5134,"comment_status":"open","ping_status":"","sticky":false,"template":"","format":"standard","meta":{"footnotes":""},"categories":[62,2,61],"tags":[2021,63,27,250,391,1101],"class_list":["post-5133","post","type-post","status-publish","format-standard","has-post-thumbnail","hentry","category-analog","category-kolej","category-rok-2004","tag-2004-02-06","tag-pkp","tag-polska","tag-su42","tag-tab-pl245","tag-walbrzych-glowny"],"_links":{"self":[{"href":"https:\/\/wgphoto.pl\/t\/index.php?rest_route=\/wp\/v2\/posts\/5133","targetHints":{"allow":["GET"]}}],"collection":[{"href":"https:\/\/wgphoto.pl\/t\/index.php?rest_route=\/wp\/v2\/posts"}],"about":[{"href":"https:\/\/wgphoto.pl\/t\/index.php?rest_route=\/wp\/v2\/types\/post"}],"author":[{"embeddable":true,"href":"https:\/\/wgphoto.pl\/t\/index.php?rest_route=\/wp\/v2\/users\/1"}],"replies":[{"embeddable":true,"href":"https:\/\/wgphoto.pl\/t\/index.php?rest_route=%2Fwp%2Fv2%2Fcomments&post=5133"}],"version-history":[{"count":1,"href":"https:\/\/wgphoto.pl\/t\/index.php?rest_route=\/wp\/v2\/posts\/5133\/revisions"}],"predecessor-version":[{"id":5135,"href":"https:\/\/wgphoto.pl\/t\/index.php?rest_route=\/wp\/v2\/posts\/5133\/revisions\/5135"}],"wp:featuredmedia":[{"embeddable":true,"href":"https:\/\/wgphoto.pl\/t\/index.php?rest_route=\/wp\/v2\/media\/5134"}],"wp:attachment":[{"href":"https:\/\/wgphoto.pl\/t\/index.php?rest_route=%2Fwp%2Fv2%2Fmedia&parent=5133"}],"wp:term":[{"taxonomy":"category","embeddable":true,"href":"https:\/\/wgphoto.pl\/t\/index.php?rest_route=%2Fwp%2Fv2%2Fcategories&post=5133"},{"taxonomy":"post_tag","embeddable":true,"href":"https:\/\/wgphoto.pl\/t\/index.php?rest_route=%2Fwp%2Fv2%2Ftags&post=5133"}],"curies":[{"name":"wp","href":"https:\/\/api.w.org\/{rel}","templated":true}]}}