{"id":5136,"date":"2024-11-07T17:27:48","date_gmt":"2024-11-07T16:27:48","guid":{"rendered":"https:\/\/wgphoto.pl\/t\/?p=5136"},"modified":"2024-11-07T17:27:48","modified_gmt":"2024-11-07T16:27:48","slug":"widok-ktorego-nie-widac","status":"publish","type":"post","link":"https:\/\/wgphoto.pl\/t\/?p=5136","title":{"rendered":"Widok, kt\u00f3rego nie wida\u0107"},"content":{"rendered":"\n<figure class=\"wp-block-image aligncenter size-full\"><img loading=\"lazy\" decoding=\"async\" width=\"1300\" height=\"867\" src=\"https:\/\/wgphoto.pl\/t\/wp-content\/uploads\/2024\/11\/0810-37.jpg\" alt=\"\" class=\"wp-image-5137\" srcset=\"https:\/\/wgphoto.pl\/t\/wp-content\/uploads\/2024\/11\/0810-37.jpg 1300w, https:\/\/wgphoto.pl\/t\/wp-content\/uploads\/2024\/11\/0810-37-300x200.jpg 300w, https:\/\/wgphoto.pl\/t\/wp-content\/uploads\/2024\/11\/0810-37-768x512.jpg 768w\" sizes=\"auto, (max-width: 1300px) 100vw, 1300px\" \/><\/figure>\n\n\n\n<div class=\"wp-block-group has-global-padding is-layout-constrained wp-block-group-is-layout-constrained\">\n<p>Odcinek Barcice &#8211; Rytro, EN71-00x jako poci\u0105g osobowy 631 z Tarnowa do Krynicy. W analogowej jako\u015bci znikn\u0119\u0142y szczeg\u00f3\u0142y t\u0142a, ale urzek\u0142 mnie tu szeroki widok na Kotlin\u0119 S\u0105deck\u0105, tam gdzie wida\u0107 co najwy\u017cej wie\u017c\u0119 ko\u015bcio\u0142a w Barcicach. 15.08.2008<\/p>\n<\/div>\n","protected":false},"excerpt":{"rendered":"<p>Odcinek Barcice &#8211; Rytro, EN71-00x jako poci\u0105g osobowy 631 z Tarnowa do Krynicy. W analogowej jako\u015bci znikn\u0119\u0142y szczeg\u00f3\u0142y t\u0142a, ale urzek\u0142 mnie tu szeroki widok na Kotlin\u0119 S\u0105deck\u0105, tam gdzie wida\u0107 co najwy\u017cej wie\u017c\u0119 ko\u015bcio\u0142a w Barcicach. 15.08.2008<\/p>\n","protected":false},"author":1,"featured_media":5137,"comment_status":"open","ping_status":"","sticky":false,"template":"","format":"standard","meta":{"footnotes":""},"categories":[62,2,120],"tags":[262,2022,728,113,63,27,1464,261],"class_list":["post-5136","post","type-post","status-publish","format-standard","has-post-thumbnail","hentry","category-analog","category-kolej","category-rok-2008","tag-2008-08-15","tag-barcice","tag-en71","tag-landszaft","tag-pkp","tag-polska","tag-rytro","tag-tab-pl130"],"_links":{"self":[{"href":"https:\/\/wgphoto.pl\/t\/index.php?rest_route=\/wp\/v2\/posts\/5136","targetHints":{"allow":["GET"]}}],"collection":[{"href":"https:\/\/wgphoto.pl\/t\/index.php?rest_route=\/wp\/v2\/posts"}],"about":[{"href":"https:\/\/wgphoto.pl\/t\/index.php?rest_route=\/wp\/v2\/types\/post"}],"author":[{"embeddable":true,"href":"https:\/\/wgphoto.pl\/t\/index.php?rest_route=\/wp\/v2\/users\/1"}],"replies":[{"embeddable":true,"href":"https:\/\/wgphoto.pl\/t\/index.php?rest_route=%2Fwp%2Fv2%2Fcomments&post=5136"}],"version-history":[{"count":1,"href":"https:\/\/wgphoto.pl\/t\/index.php?rest_route=\/wp\/v2\/posts\/5136\/revisions"}],"predecessor-version":[{"id":5138,"href":"https:\/\/wgphoto.pl\/t\/index.php?rest_route=\/wp\/v2\/posts\/5136\/revisions\/5138"}],"wp:featuredmedia":[{"embeddable":true,"href":"https:\/\/wgphoto.pl\/t\/index.php?rest_route=\/wp\/v2\/media\/5137"}],"wp:attachment":[{"href":"https:\/\/wgphoto.pl\/t\/index.php?rest_route=%2Fwp%2Fv2%2Fmedia&parent=5136"}],"wp:term":[{"taxonomy":"category","embeddable":true,"href":"https:\/\/wgphoto.pl\/t\/index.php?rest_route=%2Fwp%2Fv2%2Fcategories&post=5136"},{"taxonomy":"post_tag","embeddable":true,"href":"https:\/\/wgphoto.pl\/t\/index.php?rest_route=%2Fwp%2Fv2%2Ftags&post=5136"}],"curies":[{"name":"wp","href":"https:\/\/api.w.org\/{rel}","templated":true}]}}