{"id":514,"date":"2024-09-29T21:16:18","date_gmt":"2024-09-29T19:16:18","guid":{"rendered":"https:\/\/wgphoto.pl\/t\/?p=514"},"modified":"2024-11-09T19:37:09","modified_gmt":"2024-11-09T18:37:09","slug":"pieklo","status":"publish","type":"post","link":"https:\/\/wgphoto.pl\/t\/?p=514","title":{"rendered":"Piek\u0142o"},"content":{"rendered":"\n<figure class=\"wp-block-image aligncenter size-full\"><img loading=\"lazy\" decoding=\"async\" width=\"1200\" height=\"795\" src=\"https:\/\/wgphoto.pl\/t\/wp-content\/uploads\/IMGP3171.jpg\" alt=\"\" class=\"wp-image-515\" srcset=\"https:\/\/wgphoto.pl\/t\/wp-content\/uploads\/IMGP3171.jpg 1200w, https:\/\/wgphoto.pl\/t\/wp-content\/uploads\/IMGP3171-300x199.jpg 300w, https:\/\/wgphoto.pl\/t\/wp-content\/uploads\/IMGP3171-768x509.jpg 768w\" sizes=\"auto, (max-width: 1200px) 100vw, 1200px\" \/><\/figure>\n\n\n\n<div class=\"wp-block-group has-global-padding is-layout-constrained wp-block-group-is-layout-constrained\">\n<p>Na powy\u017cszym zdj\u0119ciu LED-owe ko\u0144c\u00f3wki tak wal\u0105 po oczach, \u017ce a\u017c ca\u0142\u0105 okolica przybra\u0142a czerwone barwy. Poci\u0105g Os 17667 relacji Kada\u0148 p\u0159edm\u011bst\u00ed &#8211; Kada\u0148-Prun\u00e9\u0159ov za kilkana\u015bcie minut odjedzie ze stacji pocz\u0105tkowej. 29.03.2014<\/p>\n<\/div>\n","protected":false},"excerpt":{"rendered":"<p>Na powy\u017cszym zdj\u0119ciu LED-owe ko\u0144c\u00f3wki tak wal\u0105 po oczach, \u017ce a\u017c ca\u0142\u0105 okolica przybra\u0142a czerwone barwy. Poci\u0105g Os 17667 relacji Kada\u0148 p\u0159edm\u011bst\u00ed &#8211; Kada\u0148-Prun\u00e9\u0159ov za kilkana\u015bcie minut odjedzie ze stacji pocz\u0105tkowej. 29.03.2014<\/p>\n","protected":false},"author":1,"featured_media":515,"comment_status":"open","ping_status":"","sticky":false,"template":"","format":"standard","meta":{"footnotes":""},"categories":[2,48],"tags":[214,211,34,50,49,212,173,94,154,213,90],"class_list":["post-514","post","type-post","status-publish","format-standard","has-post-thumbnail","hentry","category-kolej","category-rok-2014","tag-2014-03-29","tag-211","tag-architektura","tag-cd","tag-czechy","tag-kadan-predmesti","tag-koncowki","tag-na-kolejowym-koncu-swiata","tag-noc","tag-tab-cz143","tag-wieczorem"],"_links":{"self":[{"href":"https:\/\/wgphoto.pl\/t\/index.php?rest_route=\/wp\/v2\/posts\/514","targetHints":{"allow":["GET"]}}],"collection":[{"href":"https:\/\/wgphoto.pl\/t\/index.php?rest_route=\/wp\/v2\/posts"}],"about":[{"href":"https:\/\/wgphoto.pl\/t\/index.php?rest_route=\/wp\/v2\/types\/post"}],"author":[{"embeddable":true,"href":"https:\/\/wgphoto.pl\/t\/index.php?rest_route=\/wp\/v2\/users\/1"}],"replies":[{"embeddable":true,"href":"https:\/\/wgphoto.pl\/t\/index.php?rest_route=%2Fwp%2Fv2%2Fcomments&post=514"}],"version-history":[{"count":1,"href":"https:\/\/wgphoto.pl\/t\/index.php?rest_route=\/wp\/v2\/posts\/514\/revisions"}],"predecessor-version":[{"id":516,"href":"https:\/\/wgphoto.pl\/t\/index.php?rest_route=\/wp\/v2\/posts\/514\/revisions\/516"}],"wp:featuredmedia":[{"embeddable":true,"href":"https:\/\/wgphoto.pl\/t\/index.php?rest_route=\/wp\/v2\/media\/515"}],"wp:attachment":[{"href":"https:\/\/wgphoto.pl\/t\/index.php?rest_route=%2Fwp%2Fv2%2Fmedia&parent=514"}],"wp:term":[{"taxonomy":"category","embeddable":true,"href":"https:\/\/wgphoto.pl\/t\/index.php?rest_route=%2Fwp%2Fv2%2Fcategories&post=514"},{"taxonomy":"post_tag","embeddable":true,"href":"https:\/\/wgphoto.pl\/t\/index.php?rest_route=%2Fwp%2Fv2%2Ftags&post=514"}],"curies":[{"name":"wp","href":"https:\/\/api.w.org\/{rel}","templated":true}]}}