{"id":5173,"date":"2024-11-09T11:37:56","date_gmt":"2024-11-09T10:37:56","guid":{"rendered":"https:\/\/wgphoto.pl\/t\/?p=5173"},"modified":"2024-11-09T11:42:36","modified_gmt":"2024-11-09T10:42:36","slug":"aniolek","status":"publish","type":"post","link":"https:\/\/wgphoto.pl\/t\/?p=5173","title":{"rendered":"Anio\u0142ek"},"content":{"rendered":"\n<figure class=\"wp-block-image aligncenter size-full\"><img loading=\"lazy\" decoding=\"async\" width=\"1300\" height=\"870\" src=\"https:\/\/wgphoto.pl\/t\/wp-content\/uploads\/2024\/11\/IMGP0027.jpg\" alt=\"\" class=\"wp-image-5174\" srcset=\"https:\/\/wgphoto.pl\/t\/wp-content\/uploads\/2024\/11\/IMGP0027.jpg 1300w, https:\/\/wgphoto.pl\/t\/wp-content\/uploads\/2024\/11\/IMGP0027-300x201.jpg 300w, https:\/\/wgphoto.pl\/t\/wp-content\/uploads\/2024\/11\/IMGP0027-768x514.jpg 768w\" sizes=\"auto, (max-width: 1300px) 100vw, 1300px\" \/><\/figure>\n\n\n\n<div class=\"wp-block-group has-global-padding is-layout-constrained wp-block-group-is-layout-constrained\">\n<p>Poci\u0105g przyspieszony 1809 z Kol\u00edna do Trutnova hl.n. wje\u017cd\u017ca do Martinic v Krk., gdzie na krzy\u017cowanie ju\u017c czeka poci\u0105g relacji przeciwnej, na skomunikowanie za\u015b &#8211; motorak do Jablonce nad Jizerou. I tak osiem razy w ci\u0105gu dnia, co dwie godziny.<br><br>Na ko\u0144cu sk\u0142adu jedzie wagon sterowniczy serii ABfbrdtn<sup>795<\/sup> (do 2009 roku oznaczanej jako 954.2), b\u0119d\u0105cej rozwojow\u0105 wersj\u0105 Bfbrdtn<sup>794<\/sup> (dawniej 954.0). Wagony te powstaj\u0105 od 2006 roku w ramach przebud\u00f3w niepotrzebnych ju\u017c Kolejom Czeskim wagon\u00f3w pocztowych. Mimo \u017ce nadano im wygl\u0105d jednakowy z motorowymi wozami 854, u\u017cywane s\u0105 tak\u017ce w sk\u0142adach z pojazdami serii 842 i 843. 2012-10-13<\/p>\n<\/div>\n","protected":false},"excerpt":{"rendered":"<p>Poci\u0105g przyspieszony 1809 z Kol\u00edna do Trutnova hl.n. wje\u017cd\u017ca do Martinic v Krk., gdzie na krzy\u017cowanie ju\u017c czeka poci\u0105g relacji przeciwnej, na skomunikowanie za\u015b &#8211; motorak do Jablonce nad Jizerou. I tak osiem razy w ci\u0105gu dnia, co dwie godziny. Na ko\u0144cu sk\u0142adu jedzie wagon sterowniczy serii ABfbrdtn795 (do 2009 roku oznaczanej jako 954.2), b\u0119d\u0105cej [&hellip;]<\/p>\n","protected":false},"author":1,"featured_media":5174,"comment_status":"open","ping_status":"","sticky":false,"template":"","format":"standard","meta":{"footnotes":""},"categories":[2,46],"tags":[1870,1868,50,49,126,173,196,1871,53,1475,1869],"class_list":["post-5173","post","type-post","status-publish","format-standard","has-post-thumbnail","hentry","category-kolej","category-rok-2012","tag-2012-10-13","tag-1868","tag-cd","tag-czechy","tag-jesien","tag-koncowki","tag-linie-raczej-lokalne","tag-martinice-v-krkonosich","tag-sygnalizacja-ksztaltowa","tag-tab-cz040","tag-wagon-sterowniczy"],"_links":{"self":[{"href":"https:\/\/wgphoto.pl\/t\/index.php?rest_route=\/wp\/v2\/posts\/5173","targetHints":{"allow":["GET"]}}],"collection":[{"href":"https:\/\/wgphoto.pl\/t\/index.php?rest_route=\/wp\/v2\/posts"}],"about":[{"href":"https:\/\/wgphoto.pl\/t\/index.php?rest_route=\/wp\/v2\/types\/post"}],"author":[{"embeddable":true,"href":"https:\/\/wgphoto.pl\/t\/index.php?rest_route=\/wp\/v2\/users\/1"}],"replies":[{"embeddable":true,"href":"https:\/\/wgphoto.pl\/t\/index.php?rest_route=%2Fwp%2Fv2%2Fcomments&post=5173"}],"version-history":[{"count":1,"href":"https:\/\/wgphoto.pl\/t\/index.php?rest_route=\/wp\/v2\/posts\/5173\/revisions"}],"predecessor-version":[{"id":5175,"href":"https:\/\/wgphoto.pl\/t\/index.php?rest_route=\/wp\/v2\/posts\/5173\/revisions\/5175"}],"wp:featuredmedia":[{"embeddable":true,"href":"https:\/\/wgphoto.pl\/t\/index.php?rest_route=\/wp\/v2\/media\/5174"}],"wp:attachment":[{"href":"https:\/\/wgphoto.pl\/t\/index.php?rest_route=%2Fwp%2Fv2%2Fmedia&parent=5173"}],"wp:term":[{"taxonomy":"category","embeddable":true,"href":"https:\/\/wgphoto.pl\/t\/index.php?rest_route=%2Fwp%2Fv2%2Fcategories&post=5173"},{"taxonomy":"post_tag","embeddable":true,"href":"https:\/\/wgphoto.pl\/t\/index.php?rest_route=%2Fwp%2Fv2%2Ftags&post=5173"}],"curies":[{"name":"wp","href":"https:\/\/api.w.org\/{rel}","templated":true}]}}