{"id":5185,"date":"2024-11-09T11:51:31","date_gmt":"2024-11-09T10:51:31","guid":{"rendered":"https:\/\/wgphoto.pl\/t\/?p=5185"},"modified":"2025-06-08T13:15:32","modified_gmt":"2025-06-08T11:15:32","slug":"miedzynarodowa-wystawa-taboru","status":"publish","type":"post","link":"https:\/\/wgphoto.pl\/t\/?p=5185","title":{"rendered":"Mi\u0119dzynarodowa wystawa taboru"},"content":{"rendered":"\n<figure class=\"wp-block-image aligncenter size-full\"><img loading=\"lazy\" decoding=\"async\" width=\"1300\" height=\"867\" src=\"https:\/\/wgphoto.pl\/t\/wp-content\/uploads\/2024\/11\/2002j-04.jpg\" alt=\"\" class=\"wp-image-5186\" srcset=\"https:\/\/wgphoto.pl\/t\/wp-content\/uploads\/2024\/11\/2002j-04.jpg 1300w, https:\/\/wgphoto.pl\/t\/wp-content\/uploads\/2024\/11\/2002j-04-300x200.jpg 300w, https:\/\/wgphoto.pl\/t\/wp-content\/uploads\/2024\/11\/2002j-04-768x512.jpg 768w\" sizes=\"auto, (max-width: 1300px) 100vw, 1300px\" \/><\/figure>\n\n\n\n<div class=\"wp-block-group has-global-padding is-layout-constrained wp-block-group-is-layout-constrained\">\n<p>Na stacji w przygranicznym Mezim\u011bst\u00ed spotka\u0142y si\u0119 (kolejno od lewej): 742.091, 742.111, ST43-245 i SP32-097. Ta ostatnia podjecha\u0142a pod sk\u0142ad czeskich wagon\u00f3w na czas oczekiwania na sw\u00f3j rychlik z Pragi do Wroc\u0142awia. 03.05.2002<\/p>\n<\/div>\n","protected":false},"excerpt":{"rendered":"<p>Na stacji w przygranicznym Mezim\u011bst\u00ed spotka\u0142y si\u0119 (kolejno od lewej): 742.091, 742.111, ST43-245 i SP32-097. Ta ostatnia podjecha\u0142a pod sk\u0142ad czeskich wagon\u00f3w na czas oczekiwania na sw\u00f3j rychlik z Pragi do Wroc\u0142awia. 03.05.2002<\/p>\n","protected":false},"author":1,"featured_media":5186,"comment_status":"open","ping_status":"","sticky":false,"template":"","format":"standard","meta":{"footnotes":""},"categories":[62,2,577],"tags":[2038,496,50,49,249,495,63,385,64],"class_list":["post-5185","post","type-post","status-publish","format-standard","has-post-thumbnail","hentry","category-analog","category-kolej","category-rok-2002","tag-2002-05-03","tag-496","tag-cd","tag-czechy","tag-goscinne-wystepy","tag-mezimesti","tag-pkp","tag-sp32","tag-st43"],"_links":{"self":[{"href":"https:\/\/wgphoto.pl\/t\/index.php?rest_route=\/wp\/v2\/posts\/5185","targetHints":{"allow":["GET"]}}],"collection":[{"href":"https:\/\/wgphoto.pl\/t\/index.php?rest_route=\/wp\/v2\/posts"}],"about":[{"href":"https:\/\/wgphoto.pl\/t\/index.php?rest_route=\/wp\/v2\/types\/post"}],"author":[{"embeddable":true,"href":"https:\/\/wgphoto.pl\/t\/index.php?rest_route=\/wp\/v2\/users\/1"}],"replies":[{"embeddable":true,"href":"https:\/\/wgphoto.pl\/t\/index.php?rest_route=%2Fwp%2Fv2%2Fcomments&post=5185"}],"version-history":[{"count":1,"href":"https:\/\/wgphoto.pl\/t\/index.php?rest_route=\/wp\/v2\/posts\/5185\/revisions"}],"predecessor-version":[{"id":5187,"href":"https:\/\/wgphoto.pl\/t\/index.php?rest_route=\/wp\/v2\/posts\/5185\/revisions\/5187"}],"wp:featuredmedia":[{"embeddable":true,"href":"https:\/\/wgphoto.pl\/t\/index.php?rest_route=\/wp\/v2\/media\/5186"}],"wp:attachment":[{"href":"https:\/\/wgphoto.pl\/t\/index.php?rest_route=%2Fwp%2Fv2%2Fmedia&parent=5185"}],"wp:term":[{"taxonomy":"category","embeddable":true,"href":"https:\/\/wgphoto.pl\/t\/index.php?rest_route=%2Fwp%2Fv2%2Fcategories&post=5185"},{"taxonomy":"post_tag","embeddable":true,"href":"https:\/\/wgphoto.pl\/t\/index.php?rest_route=%2Fwp%2Fv2%2Ftags&post=5185"}],"curies":[{"name":"wp","href":"https:\/\/api.w.org\/{rel}","templated":true}]}}