{"id":520,"date":"2024-09-29T21:21:06","date_gmt":"2024-09-29T19:21:06","guid":{"rendered":"https:\/\/wgphoto.pl\/t\/?p=520"},"modified":"2024-09-29T21:21:30","modified_gmt":"2024-09-29T19:21:30","slug":"105na-23022303","status":"publish","type":"post","link":"https:\/\/wgphoto.pl\/t\/?p=520","title":{"rendered":"105Na 2302+2303"},"content":{"rendered":"\n<figure class=\"wp-block-image aligncenter size-full\"><img loading=\"lazy\" decoding=\"async\" width=\"1050\" height=\"788\" src=\"https:\/\/wgphoto.pl\/t\/wp-content\/uploads\/DSCF7680.jpg\" alt=\"\" class=\"wp-image-521\" srcset=\"https:\/\/wgphoto.pl\/t\/wp-content\/uploads\/DSCF7680.jpg 1050w, https:\/\/wgphoto.pl\/t\/wp-content\/uploads\/DSCF7680-300x225.jpg 300w, https:\/\/wgphoto.pl\/t\/wp-content\/uploads\/DSCF7680-768x576.jpg 768w\" sizes=\"auto, (max-width: 1050px) 100vw, 1050px\" \/><\/figure>\n\n\n\n<div class=\"wp-block-group has-global-padding is-layout-constrained wp-block-group-is-layout-constrained\">\n<p>Wroc\u0142aw, ul. Boles\u0142awa Drobnera. Przestrze\u0144 po lewej troch\u0119 si\u0119 od tamtego czasu zabudowa\u0142a. 02.10.2008<\/p>\n<\/div>\n","protected":false},"excerpt":{"rendered":"<p>Wroc\u0142aw, ul. Boles\u0142awa Drobnera. Przestrze\u0144 po lewej troch\u0119 si\u0119 od tamtego czasu zabudowa\u0142a. 02.10.2008<\/p>\n","protected":false},"author":1,"featured_media":521,"comment_status":"open","ping_status":"","sticky":false,"template":"","format":"standard","meta":{"footnotes":""},"categories":[120,3],"tags":[155,218,34,42,27,219,41],"class_list":["post-520","post","type-post","status-publish","format-standard","has-post-thumbnail","hentry","category-rok-2008","category-tramwaj","tag-105na","tag-2008-10-02","tag-architektura","tag-mpk-wroclaw","tag-polska","tag-przystanek","tag-wroclaw"],"_links":{"self":[{"href":"https:\/\/wgphoto.pl\/t\/index.php?rest_route=\/wp\/v2\/posts\/520","targetHints":{"allow":["GET"]}}],"collection":[{"href":"https:\/\/wgphoto.pl\/t\/index.php?rest_route=\/wp\/v2\/posts"}],"about":[{"href":"https:\/\/wgphoto.pl\/t\/index.php?rest_route=\/wp\/v2\/types\/post"}],"author":[{"embeddable":true,"href":"https:\/\/wgphoto.pl\/t\/index.php?rest_route=\/wp\/v2\/users\/1"}],"replies":[{"embeddable":true,"href":"https:\/\/wgphoto.pl\/t\/index.php?rest_route=%2Fwp%2Fv2%2Fcomments&post=520"}],"version-history":[{"count":1,"href":"https:\/\/wgphoto.pl\/t\/index.php?rest_route=\/wp\/v2\/posts\/520\/revisions"}],"predecessor-version":[{"id":522,"href":"https:\/\/wgphoto.pl\/t\/index.php?rest_route=\/wp\/v2\/posts\/520\/revisions\/522"}],"wp:featuredmedia":[{"embeddable":true,"href":"https:\/\/wgphoto.pl\/t\/index.php?rest_route=\/wp\/v2\/media\/521"}],"wp:attachment":[{"href":"https:\/\/wgphoto.pl\/t\/index.php?rest_route=%2Fwp%2Fv2%2Fmedia&parent=520"}],"wp:term":[{"taxonomy":"category","embeddable":true,"href":"https:\/\/wgphoto.pl\/t\/index.php?rest_route=%2Fwp%2Fv2%2Fcategories&post=520"},{"taxonomy":"post_tag","embeddable":true,"href":"https:\/\/wgphoto.pl\/t\/index.php?rest_route=%2Fwp%2Fv2%2Ftags&post=520"}],"curies":[{"name":"wp","href":"https:\/\/api.w.org\/{rel}","templated":true}]}}