{"id":5200,"date":"2024-11-09T12:01:43","date_gmt":"2024-11-09T11:01:43","guid":{"rendered":"https:\/\/wgphoto.pl\/t\/?p=5200"},"modified":"2024-11-09T12:01:43","modified_gmt":"2024-11-09T11:01:43","slug":"slovanska-trida-o-poranku","status":"publish","type":"post","link":"https:\/\/wgphoto.pl\/t\/?p=5200","title":{"rendered":"Slovansk\u00e1 t\u0159\u00edda o poranku"},"content":{"rendered":"\n<figure class=\"wp-block-image aligncenter size-full\"><img loading=\"lazy\" decoding=\"async\" width=\"1200\" height=\"803\" src=\"https:\/\/wgphoto.pl\/t\/wp-content\/uploads\/2024\/11\/IMGP0436.jpg\" alt=\"\" class=\"wp-image-5201\" srcset=\"https:\/\/wgphoto.pl\/t\/wp-content\/uploads\/2024\/11\/IMGP0436.jpg 1200w, https:\/\/wgphoto.pl\/t\/wp-content\/uploads\/2024\/11\/IMGP0436-300x201.jpg 300w, https:\/\/wgphoto.pl\/t\/wp-content\/uploads\/2024\/11\/IMGP0436-768x514.jpg 768w\" sizes=\"auto, (max-width: 1200px) 100vw, 1200px\" \/><\/figure>\n\n\n\n<div class=\"wp-block-group has-global-padding is-layout-constrained wp-block-group-is-layout-constrained\">\n<p>\u0160kodnik 03T 303 jedzie na Slovany. Wagony tego typu w Pil\u017anie, a wi\u0119c niejako u \u017ar\u00f3d\u0142a, sprawiaj\u0105 wiele k\u0142opot\u00f3w w eksploatacji. Z powodu du\u017cej awaryjno\u015bci planowane do ruchu jest tylko 5 z 10 pojazd\u00f3w, tylko w dni robocze i tylko na linii 1. Ostatni warunek podyktowany jest zbyt ma\u0142\u0105 pojemno\u015bci\u0105 wzgl\u0119dem standardowych pilzne\u0144skich tramwaj\u00f3w (sk\u0142ad 2xT3 lub KT8), co dodatkowo wymusza konieczno\u015b\u0107 skracania odst\u0119p\u00f3w czasowych w rozk\u0142adzie jazdy przed brygadami \u0161kodnikowymi. Noszono si\u0119 nawet z zamiarem wycofania z ruchu oraz odsprzeda\u017cy ca\u0142ej serii tych tramwaj\u00f3w, jednak w wyniku politycznych nacisk\u00f3w ze strony producenta pomys\u0142u zaniechano, ze \u0160kod\u0105 podpisano umow\u0119 na pe\u0142en serwis woz\u00f3w typu 03T, a przygotowane ju\u017c fundusze na zakup nowych tramwaj\u00f3w w miejsce wycofanych \u0161kodnik\u00f3w przeznaczono na modernizacje wagon\u00f3w T3 i KT8 do wersji niskowej\u015bciowej. (<a href=\"http:\/\/plzensketramvaje.cz\/?page=astra.htm\">\u017ar\u00f3d\u0142o<\/a>) 2011-04-15<\/p>\n<\/div>\n","protected":false},"excerpt":{"rendered":"<p>\u0160kodnik 03T 303 jedzie na Slovany. Wagony tego typu w Pil\u017anie, a wi\u0119c niejako u \u017ar\u00f3d\u0142a, sprawiaj\u0105 wiele k\u0142opot\u00f3w w eksploatacji. Z powodu du\u017cej awaryjno\u015bci planowane do ruchu jest tylko 5 z 10 pojazd\u00f3w, tylko w dni robocze i tylko na linii 1. Ostatni warunek podyktowany jest zbyt ma\u0142\u0105 pojemno\u015bci\u0105 wzgl\u0119dem standardowych pilzne\u0144skich tramwaj\u00f3w (sk\u0142ad [&hellip;]<\/p>\n","protected":false},"author":1,"featured_media":5201,"comment_status":"open","ping_status":"","sticky":false,"template":"","format":"standard","meta":{"footnotes":""},"categories":[77,3],"tags":[1954,91,49,1674,1675,176,1098],"class_list":["post-5200","post","type-post","status-publish","format-standard","has-post-thumbnail","hentry","category-rok-2011","category-tramwaj","tag-2011-04-15","tag-blue-hour","tag-czechy","tag-dp-plzen","tag-pilzno","tag-rano","tag-skoda-03t"],"_links":{"self":[{"href":"https:\/\/wgphoto.pl\/t\/index.php?rest_route=\/wp\/v2\/posts\/5200","targetHints":{"allow":["GET"]}}],"collection":[{"href":"https:\/\/wgphoto.pl\/t\/index.php?rest_route=\/wp\/v2\/posts"}],"about":[{"href":"https:\/\/wgphoto.pl\/t\/index.php?rest_route=\/wp\/v2\/types\/post"}],"author":[{"embeddable":true,"href":"https:\/\/wgphoto.pl\/t\/index.php?rest_route=\/wp\/v2\/users\/1"}],"replies":[{"embeddable":true,"href":"https:\/\/wgphoto.pl\/t\/index.php?rest_route=%2Fwp%2Fv2%2Fcomments&post=5200"}],"version-history":[{"count":1,"href":"https:\/\/wgphoto.pl\/t\/index.php?rest_route=\/wp\/v2\/posts\/5200\/revisions"}],"predecessor-version":[{"id":5202,"href":"https:\/\/wgphoto.pl\/t\/index.php?rest_route=\/wp\/v2\/posts\/5200\/revisions\/5202"}],"wp:featuredmedia":[{"embeddable":true,"href":"https:\/\/wgphoto.pl\/t\/index.php?rest_route=\/wp\/v2\/media\/5201"}],"wp:attachment":[{"href":"https:\/\/wgphoto.pl\/t\/index.php?rest_route=%2Fwp%2Fv2%2Fmedia&parent=5200"}],"wp:term":[{"taxonomy":"category","embeddable":true,"href":"https:\/\/wgphoto.pl\/t\/index.php?rest_route=%2Fwp%2Fv2%2Fcategories&post=5200"},{"taxonomy":"post_tag","embeddable":true,"href":"https:\/\/wgphoto.pl\/t\/index.php?rest_route=%2Fwp%2Fv2%2Ftags&post=5200"}],"curies":[{"name":"wp","href":"https:\/\/api.w.org\/{rel}","templated":true}]}}