{"id":5206,"date":"2024-11-09T13:49:32","date_gmt":"2024-11-09T12:49:32","guid":{"rendered":"https:\/\/wgphoto.pl\/t\/?p=5206"},"modified":"2024-11-09T14:04:21","modified_gmt":"2024-11-09T13:04:21","slug":"bez-pradu-i-w-skladzie","status":"publish","type":"post","link":"https:\/\/wgphoto.pl\/t\/?p=5206","title":{"rendered":"Bez pr\u0105du i w sk\u0142adzie"},"content":{"rendered":"\n<figure class=\"wp-block-image aligncenter size-full\"><img loading=\"lazy\" decoding=\"async\" width=\"1200\" height=\"795\" src=\"https:\/\/wgphoto.pl\/t\/wp-content\/uploads\/2024\/11\/IMGP9936.jpg\" alt=\"\" class=\"wp-image-5207\" srcset=\"https:\/\/wgphoto.pl\/t\/wp-content\/uploads\/2024\/11\/IMGP9936.jpg 1200w, https:\/\/wgphoto.pl\/t\/wp-content\/uploads\/2024\/11\/IMGP9936-300x199.jpg 300w, https:\/\/wgphoto.pl\/t\/wp-content\/uploads\/2024\/11\/IMGP9936-768x509.jpg 768w\" sizes=\"auto, (max-width: 1200px) 100vw, 1200px\" \/><\/figure>\n\n\n\n<div class=\"wp-block-group has-global-padding is-layout-constrained wp-block-group-is-layout-constrained\">\n<p>Zierenberg. Tramwaj regionalny za chwil\u0119 zatrzyma si\u0119 przy peronie stacji, gdzie nast\u0105pi krzy\u017cowanie z tramwajem relacji przeciwnej. Na liniach RT1 i RT4 (na RT5 nie stwierdzi\u0142em) w szczycie kursuj\u0105 sk\u0142ady Citadis\u00f3w. Drugi wagon zostaje do\u0142\u0105czony przy wje\u017adzie na odcinek kolejowy &#8211; na dworcu g\u0142\u00f3wnym w Kassel. W mie\u015bcie takie 75 metr\u00f3w tramwaju by\u0142oby niez\u0142\u0105 zawalidrog\u0105. 2017-03-17<\/p>\n<\/div>\n","protected":false},"excerpt":{"rendered":"<p>Zierenberg. Tramwaj regionalny za chwil\u0119 zatrzyma si\u0119 przy peronie stacji, gdzie nast\u0105pi krzy\u017cowanie z tramwajem relacji przeciwnej. Na liniach RT1 i RT4 (na RT5 nie stwierdzi\u0142em) w szczycie kursuj\u0105 sk\u0142ady Citadis\u00f3w. Drugi wagon zostaje do\u0142\u0105czony przy wje\u017adzie na odcinek kolejowy &#8211; na dworcu g\u0142\u00f3wnym w Kassel. W mie\u015bcie takie 75 metr\u00f3w tramwaju by\u0142oby niez\u0142\u0105 zawalidrog\u0105. [&hellip;]<\/p>\n","protected":false},"author":1,"featured_media":5207,"comment_status":"open","ping_status":"","sticky":false,"template":"","format":"standard","meta":{"footnotes":""},"categories":[368,3],"tags":[1338,1986,114,1151,23,1004,1155,1153,1152],"class_list":["post-5206","post","type-post","status-publish","format-standard","has-post-thumbnail","hentry","category-rok-2017","category-tramwaj","tag-2017-03-17","tag-bez-sieci","tag-gory","tag-kassel-2017","tag-niemcy","tag-regio-citadis","tag-regiotram-kassel","tag-tramwaj-regionalny","tag-zierenberg"],"_links":{"self":[{"href":"https:\/\/wgphoto.pl\/t\/index.php?rest_route=\/wp\/v2\/posts\/5206","targetHints":{"allow":["GET"]}}],"collection":[{"href":"https:\/\/wgphoto.pl\/t\/index.php?rest_route=\/wp\/v2\/posts"}],"about":[{"href":"https:\/\/wgphoto.pl\/t\/index.php?rest_route=\/wp\/v2\/types\/post"}],"author":[{"embeddable":true,"href":"https:\/\/wgphoto.pl\/t\/index.php?rest_route=\/wp\/v2\/users\/1"}],"replies":[{"embeddable":true,"href":"https:\/\/wgphoto.pl\/t\/index.php?rest_route=%2Fwp%2Fv2%2Fcomments&post=5206"}],"version-history":[{"count":1,"href":"https:\/\/wgphoto.pl\/t\/index.php?rest_route=\/wp\/v2\/posts\/5206\/revisions"}],"predecessor-version":[{"id":5208,"href":"https:\/\/wgphoto.pl\/t\/index.php?rest_route=\/wp\/v2\/posts\/5206\/revisions\/5208"}],"wp:featuredmedia":[{"embeddable":true,"href":"https:\/\/wgphoto.pl\/t\/index.php?rest_route=\/wp\/v2\/media\/5207"}],"wp:attachment":[{"href":"https:\/\/wgphoto.pl\/t\/index.php?rest_route=%2Fwp%2Fv2%2Fmedia&parent=5206"}],"wp:term":[{"taxonomy":"category","embeddable":true,"href":"https:\/\/wgphoto.pl\/t\/index.php?rest_route=%2Fwp%2Fv2%2Fcategories&post=5206"},{"taxonomy":"post_tag","embeddable":true,"href":"https:\/\/wgphoto.pl\/t\/index.php?rest_route=%2Fwp%2Fv2%2Ftags&post=5206"}],"curies":[{"name":"wp","href":"https:\/\/api.w.org\/{rel}","templated":true}]}}