{"id":5209,"date":"2024-11-09T13:50:49","date_gmt":"2024-11-09T12:50:49","guid":{"rendered":"https:\/\/wgphoto.pl\/t\/?p=5209"},"modified":"2024-11-09T13:50:49","modified_gmt":"2024-11-09T12:50:49","slug":"gdzie-tramwaj-spotyka-sie-z-koleja","status":"publish","type":"post","link":"https:\/\/wgphoto.pl\/t\/?p=5209","title":{"rendered":"Gdzie tramwaj spotyka si\u0119 z kolej\u0105"},"content":{"rendered":"\n<figure class=\"wp-block-image aligncenter size-full\"><img loading=\"lazy\" decoding=\"async\" width=\"1200\" height=\"803\" src=\"https:\/\/wgphoto.pl\/t\/wp-content\/uploads\/2024\/11\/IMGP1159.jpg\" alt=\"\" class=\"wp-image-5210\" srcset=\"https:\/\/wgphoto.pl\/t\/wp-content\/uploads\/2024\/11\/IMGP1159.jpg 1200w, https:\/\/wgphoto.pl\/t\/wp-content\/uploads\/2024\/11\/IMGP1159-300x201.jpg 300w, https:\/\/wgphoto.pl\/t\/wp-content\/uploads\/2024\/11\/IMGP1159-768x514.jpg 768w\" sizes=\"auto, (max-width: 1200px) 100vw, 1200px\" \/><\/figure>\n\n\n\n<div class=\"wp-block-group has-global-padding is-layout-constrained wp-block-group-is-layout-constrained\">\n<p>Alicante, La Marina. Cityrunner mija stacj\u0119 kolei w\u0105skotorowej, z kt\u00f3rej &#8222;wyr\u00f3s\u0142&#8221; tutejszy tramwaj. W tym miejscu inwestycje w infrastruktur\u0119 tramwajow\u0105 ograniczono do minimum, w efekcie czego niskopod\u0142ogowe pojazdy przetaczaj\u0105 si\u0119 powoli po nier\u00f3wnych szynach. Prezentowane miejsce stanowi jedyny przystanek po\u015bredni na trasie linii 4L, do 30.06.2013 \u0142\u0105cz\u0105cej dolne partie centrum miasta z g\u0142\u00f3wn\u0105 tras\u0105, wykorzystywan\u0105 przez pozosta\u0142e linie. Obecnie (2019) linia jest zawieszona. 04.12.2012<\/p>\n<\/div>\n","protected":false},"excerpt":{"rendered":"<p>Alicante, La Marina. Cityrunner mija stacj\u0119 kolei w\u0105skotorowej, z kt\u00f3rej &#8222;wyr\u00f3s\u0142&#8221; tutejszy tramwaj. W tym miejscu inwestycje w infrastruktur\u0119 tramwajow\u0105 ograniczono do minimum, w efekcie czego niskopod\u0142ogowe pojazdy przetaczaj\u0105 si\u0119 powoli po nier\u00f3wnych szynach. Prezentowane miejsce stanowi jedyny przystanek po\u015bredni na trasie linii 4L, do 30.06.2013 \u0142\u0105cz\u0105cej dolne partie centrum miasta z g\u0142\u00f3wn\u0105 tras\u0105, wykorzystywan\u0105 [&hellip;]<\/p>\n","protected":false},"author":1,"featured_media":5210,"comment_status":"open","ping_status":"","sticky":false,"template":"","format":"standard","meta":{"footnotes":""},"categories":[46,3],"tags":[1836,1834,185,863,159,173,90],"class_list":["post-5209","post","type-post","status-publish","format-standard","has-post-thumbnail","hentry","category-rok-2012","category-tramwaj","tag-2012-12-04","tag-alicante","tag-cityrunner","tag-fgv-valencia","tag-hiszpania","tag-koncowki","tag-wieczorem"],"_links":{"self":[{"href":"https:\/\/wgphoto.pl\/t\/index.php?rest_route=\/wp\/v2\/posts\/5209","targetHints":{"allow":["GET"]}}],"collection":[{"href":"https:\/\/wgphoto.pl\/t\/index.php?rest_route=\/wp\/v2\/posts"}],"about":[{"href":"https:\/\/wgphoto.pl\/t\/index.php?rest_route=\/wp\/v2\/types\/post"}],"author":[{"embeddable":true,"href":"https:\/\/wgphoto.pl\/t\/index.php?rest_route=\/wp\/v2\/users\/1"}],"replies":[{"embeddable":true,"href":"https:\/\/wgphoto.pl\/t\/index.php?rest_route=%2Fwp%2Fv2%2Fcomments&post=5209"}],"version-history":[{"count":1,"href":"https:\/\/wgphoto.pl\/t\/index.php?rest_route=\/wp\/v2\/posts\/5209\/revisions"}],"predecessor-version":[{"id":5211,"href":"https:\/\/wgphoto.pl\/t\/index.php?rest_route=\/wp\/v2\/posts\/5209\/revisions\/5211"}],"wp:featuredmedia":[{"embeddable":true,"href":"https:\/\/wgphoto.pl\/t\/index.php?rest_route=\/wp\/v2\/media\/5210"}],"wp:attachment":[{"href":"https:\/\/wgphoto.pl\/t\/index.php?rest_route=%2Fwp%2Fv2%2Fmedia&parent=5209"}],"wp:term":[{"taxonomy":"category","embeddable":true,"href":"https:\/\/wgphoto.pl\/t\/index.php?rest_route=%2Fwp%2Fv2%2Fcategories&post=5209"},{"taxonomy":"post_tag","embeddable":true,"href":"https:\/\/wgphoto.pl\/t\/index.php?rest_route=%2Fwp%2Fv2%2Ftags&post=5209"}],"curies":[{"name":"wp","href":"https:\/\/api.w.org\/{rel}","templated":true}]}}