{"id":5212,"date":"2024-11-09T13:51:53","date_gmt":"2024-11-09T12:51:53","guid":{"rendered":"https:\/\/wgphoto.pl\/t\/?p=5212"},"modified":"2024-11-09T13:51:53","modified_gmt":"2024-11-09T12:51:53","slug":"chyba-jezdzace","status":"publish","type":"post","link":"https:\/\/wgphoto.pl\/t\/?p=5212","title":{"rendered":"Chyba je\u017cd\u017c\u0105ce"},"content":{"rendered":"\n<figure class=\"wp-block-image aligncenter size-full\"><img loading=\"lazy\" decoding=\"async\" width=\"1200\" height=\"803\" src=\"https:\/\/wgphoto.pl\/t\/wp-content\/uploads\/2024\/11\/IMGP1153.jpg\" alt=\"\" class=\"wp-image-5213\" srcset=\"https:\/\/wgphoto.pl\/t\/wp-content\/uploads\/2024\/11\/IMGP1153.jpg 1200w, https:\/\/wgphoto.pl\/t\/wp-content\/uploads\/2024\/11\/IMGP1153-300x201.jpg 300w, https:\/\/wgphoto.pl\/t\/wp-content\/uploads\/2024\/11\/IMGP1153-768x514.jpg 768w\" sizes=\"auto, (max-width: 1200px) 100vw, 1200px\" \/><\/figure>\n\n\n\n<div class=\"wp-block-group has-global-padding is-layout-constrained wp-block-group-is-layout-constrained\">\n<p>Alicante, La Marina, niewielka lokomotywownia FGV. Pojazdy wygl\u0105daj\u0105 raczej na je\u017cd\u017c\u0105ce, cho\u0107 i tak zadziwia mnie ich obecno\u015b\u0107 w tym miejscu, poniewa\u017c aby tu dojecha\u0107 trzeba pokona\u0107 kilkunastokilometrowy odcinek u\u017cytkowany obecnie przez tramwaje, obejmuj\u0105cy spore fragmenty o charakterze kolejowym, ale r\u00f3wnie\u017c deptaki. 04.12.2012<\/p>\n<\/div>\n","protected":false},"excerpt":{"rendered":"<p>Alicante, La Marina, niewielka lokomotywownia FGV. Pojazdy wygl\u0105daj\u0105 raczej na je\u017cd\u017c\u0105ce, cho\u0107 i tak zadziwia mnie ich obecno\u015b\u0107 w tym miejscu, poniewa\u017c aby tu dojecha\u0107 trzeba pokona\u0107 kilkunastokilometrowy odcinek u\u017cytkowany obecnie przez tramwaje, obejmuj\u0105cy spore fragmenty o charakterze kolejowym, ale r\u00f3wnie\u017c deptaki. 04.12.2012<\/p>\n","protected":false},"author":1,"featured_media":5213,"comment_status":"open","ping_status":"","sticky":false,"template":"","format":"standard","meta":{"footnotes":""},"categories":[2,46],"tags":[1836,1834,863,159,395,90],"class_list":["post-5212","post","type-post","status-publish","format-standard","has-post-thumbnail","hentry","category-kolej","category-rok-2012","tag-2012-12-04","tag-alicante","tag-fgv-valencia","tag-hiszpania","tag-lustro","tag-wieczorem"],"_links":{"self":[{"href":"https:\/\/wgphoto.pl\/t\/index.php?rest_route=\/wp\/v2\/posts\/5212","targetHints":{"allow":["GET"]}}],"collection":[{"href":"https:\/\/wgphoto.pl\/t\/index.php?rest_route=\/wp\/v2\/posts"}],"about":[{"href":"https:\/\/wgphoto.pl\/t\/index.php?rest_route=\/wp\/v2\/types\/post"}],"author":[{"embeddable":true,"href":"https:\/\/wgphoto.pl\/t\/index.php?rest_route=\/wp\/v2\/users\/1"}],"replies":[{"embeddable":true,"href":"https:\/\/wgphoto.pl\/t\/index.php?rest_route=%2Fwp%2Fv2%2Fcomments&post=5212"}],"version-history":[{"count":1,"href":"https:\/\/wgphoto.pl\/t\/index.php?rest_route=\/wp\/v2\/posts\/5212\/revisions"}],"predecessor-version":[{"id":5214,"href":"https:\/\/wgphoto.pl\/t\/index.php?rest_route=\/wp\/v2\/posts\/5212\/revisions\/5214"}],"wp:featuredmedia":[{"embeddable":true,"href":"https:\/\/wgphoto.pl\/t\/index.php?rest_route=\/wp\/v2\/media\/5213"}],"wp:attachment":[{"href":"https:\/\/wgphoto.pl\/t\/index.php?rest_route=%2Fwp%2Fv2%2Fmedia&parent=5212"}],"wp:term":[{"taxonomy":"category","embeddable":true,"href":"https:\/\/wgphoto.pl\/t\/index.php?rest_route=%2Fwp%2Fv2%2Fcategories&post=5212"},{"taxonomy":"post_tag","embeddable":true,"href":"https:\/\/wgphoto.pl\/t\/index.php?rest_route=%2Fwp%2Fv2%2Ftags&post=5212"}],"curies":[{"name":"wp","href":"https:\/\/api.w.org\/{rel}","templated":true}]}}