{"id":5239,"date":"2024-11-09T14:02:29","date_gmt":"2024-11-09T13:02:29","guid":{"rendered":"https:\/\/wgphoto.pl\/t\/?p=5239"},"modified":"2024-11-09T14:02:29","modified_gmt":"2024-11-09T13:02:29","slug":"skoda-28t-nr-4262","status":"publish","type":"post","link":"https:\/\/wgphoto.pl\/t\/?p=5239","title":{"rendered":"\u0160koda 28T nr 4262"},"content":{"rendered":"\n<figure class=\"wp-block-image aligncenter size-full\"><img loading=\"lazy\" decoding=\"async\" width=\"1200\" height=\"795\" src=\"https:\/\/wgphoto.pl\/t\/wp-content\/uploads\/2024\/11\/IMGP7303.jpg\" alt=\"\" class=\"wp-image-5240\" srcset=\"https:\/\/wgphoto.pl\/t\/wp-content\/uploads\/2024\/11\/IMGP7303.jpg 1200w, https:\/\/wgphoto.pl\/t\/wp-content\/uploads\/2024\/11\/IMGP7303-300x199.jpg 300w, https:\/\/wgphoto.pl\/t\/wp-content\/uploads\/2024\/11\/IMGP7303-768x509.jpg 768w\" sizes=\"auto, (max-width: 1200px) 100vw, 1200px\" \/><\/figure>\n\n\n\n<div class=\"wp-block-group has-global-padding is-layout-constrained wp-block-group-is-layout-constrained\">\n<p>Konya, Mevlana cd. Meczet Sulima II w towarzystwie \u0160kody pojawi\u0142 si\u0119 tu ju\u017c na kilku zdj\u0119ciach, ale jest to temat bardzo wdzi\u0119czny, zw\u0142aszcza pod takim niebem. 06.10.2016<\/p>\n<\/div>\n","protected":false},"excerpt":{"rendered":"<p>Konya, Mevlana cd. Meczet Sulima II w towarzystwie \u0160kody pojawi\u0142 si\u0119 tu ju\u017c na kilku zdj\u0119ciach, ale jest to temat bardzo wdzi\u0119czny, zw\u0142aszcza pod takim niebem. 06.10.2016<\/p>\n","protected":false},"author":1,"featured_media":5240,"comment_status":"open","ping_status":"","sticky":false,"template":"","format":"standard","meta":{"footnotes":""},"categories":[125,3],"tags":[1666,34,1986,928,162,930,927,931,90],"class_list":["post-5239","post","type-post","status-publish","format-standard","has-post-thumbnail","hentry","category-rok-2016","category-tramwaj","tag-2016-10-06","tag-architektura","tag-bez-sieci","tag-konya","tag-niebo","tag-skoda-28t","tag-turcja","tag-turcja-2016","tag-wieczorem"],"_links":{"self":[{"href":"https:\/\/wgphoto.pl\/t\/index.php?rest_route=\/wp\/v2\/posts\/5239","targetHints":{"allow":["GET"]}}],"collection":[{"href":"https:\/\/wgphoto.pl\/t\/index.php?rest_route=\/wp\/v2\/posts"}],"about":[{"href":"https:\/\/wgphoto.pl\/t\/index.php?rest_route=\/wp\/v2\/types\/post"}],"author":[{"embeddable":true,"href":"https:\/\/wgphoto.pl\/t\/index.php?rest_route=\/wp\/v2\/users\/1"}],"replies":[{"embeddable":true,"href":"https:\/\/wgphoto.pl\/t\/index.php?rest_route=%2Fwp%2Fv2%2Fcomments&post=5239"}],"version-history":[{"count":1,"href":"https:\/\/wgphoto.pl\/t\/index.php?rest_route=\/wp\/v2\/posts\/5239\/revisions"}],"predecessor-version":[{"id":5241,"href":"https:\/\/wgphoto.pl\/t\/index.php?rest_route=\/wp\/v2\/posts\/5239\/revisions\/5241"}],"wp:featuredmedia":[{"embeddable":true,"href":"https:\/\/wgphoto.pl\/t\/index.php?rest_route=\/wp\/v2\/media\/5240"}],"wp:attachment":[{"href":"https:\/\/wgphoto.pl\/t\/index.php?rest_route=%2Fwp%2Fv2%2Fmedia&parent=5239"}],"wp:term":[{"taxonomy":"category","embeddable":true,"href":"https:\/\/wgphoto.pl\/t\/index.php?rest_route=%2Fwp%2Fv2%2Fcategories&post=5239"},{"taxonomy":"post_tag","embeddable":true,"href":"https:\/\/wgphoto.pl\/t\/index.php?rest_route=%2Fwp%2Fv2%2Ftags&post=5239"}],"curies":[{"name":"wp","href":"https:\/\/api.w.org\/{rel}","templated":true}]}}