{"id":5273,"date":"2024-11-09T16:27:55","date_gmt":"2024-11-09T15:27:55","guid":{"rendered":"https:\/\/wgphoto.pl\/t\/?p=5273"},"modified":"2024-11-09T16:27:55","modified_gmt":"2024-11-09T15:27:55","slug":"odstawka","status":"publish","type":"post","link":"https:\/\/wgphoto.pl\/t\/?p=5273","title":{"rendered":"Odstawka?"},"content":{"rendered":"\n<figure class=\"wp-block-image aligncenter size-full\"><img loading=\"lazy\" decoding=\"async\" width=\"1050\" height=\"700\" src=\"https:\/\/wgphoto.pl\/t\/wp-content\/uploads\/2024\/11\/DSCF7661.jpg\" alt=\"\" class=\"wp-image-5274\" srcset=\"https:\/\/wgphoto.pl\/t\/wp-content\/uploads\/2024\/11\/DSCF7661.jpg 1050w, https:\/\/wgphoto.pl\/t\/wp-content\/uploads\/2024\/11\/DSCF7661-300x200.jpg 300w, https:\/\/wgphoto.pl\/t\/wp-content\/uploads\/2024\/11\/DSCF7661-768x512.jpg 768w\" sizes=\"auto, (max-width: 1050px) 100vw, 1050px\" \/><\/figure>\n\n\n\n<div class=\"wp-block-group has-global-padding is-layout-constrained wp-block-group-is-layout-constrained\">\n<p>Lipsk, zajezdnia Paunsdorf. Pojazdy ze zdj\u0119cia by\u0142y ju\u017c raczej wycofane z ruchu. 28.09.2008<\/p>\n<\/div>\n","protected":false},"excerpt":{"rendered":"<p>Lipsk, zajezdnia Paunsdorf. Pojazdy ze zdj\u0119cia by\u0142y ju\u017c raczej wycofane z ruchu. 28.09.2008<\/p>\n","protected":false},"author":1,"featured_media":5274,"comment_status":"open","ping_status":"","sticky":false,"template":"","format":"standard","meta":{"footnotes":""},"categories":[120,3],"tags":[2063,898,1180,1179,23,841,138],"class_list":["post-5273","post","type-post","status-publish","format-standard","has-post-thumbnail","hentry","category-rok-2008","category-tramwaj","tag-2008-09-28","tag-autobus","tag-lipsk","tag-lvb-leipzig","tag-niemcy","tag-tatra-t6","tag-zajezdnia"],"_links":{"self":[{"href":"https:\/\/wgphoto.pl\/t\/index.php?rest_route=\/wp\/v2\/posts\/5273","targetHints":{"allow":["GET"]}}],"collection":[{"href":"https:\/\/wgphoto.pl\/t\/index.php?rest_route=\/wp\/v2\/posts"}],"about":[{"href":"https:\/\/wgphoto.pl\/t\/index.php?rest_route=\/wp\/v2\/types\/post"}],"author":[{"embeddable":true,"href":"https:\/\/wgphoto.pl\/t\/index.php?rest_route=\/wp\/v2\/users\/1"}],"replies":[{"embeddable":true,"href":"https:\/\/wgphoto.pl\/t\/index.php?rest_route=%2Fwp%2Fv2%2Fcomments&post=5273"}],"version-history":[{"count":1,"href":"https:\/\/wgphoto.pl\/t\/index.php?rest_route=\/wp\/v2\/posts\/5273\/revisions"}],"predecessor-version":[{"id":5275,"href":"https:\/\/wgphoto.pl\/t\/index.php?rest_route=\/wp\/v2\/posts\/5273\/revisions\/5275"}],"wp:featuredmedia":[{"embeddable":true,"href":"https:\/\/wgphoto.pl\/t\/index.php?rest_route=\/wp\/v2\/media\/5274"}],"wp:attachment":[{"href":"https:\/\/wgphoto.pl\/t\/index.php?rest_route=%2Fwp%2Fv2%2Fmedia&parent=5273"}],"wp:term":[{"taxonomy":"category","embeddable":true,"href":"https:\/\/wgphoto.pl\/t\/index.php?rest_route=%2Fwp%2Fv2%2Fcategories&post=5273"},{"taxonomy":"post_tag","embeddable":true,"href":"https:\/\/wgphoto.pl\/t\/index.php?rest_route=%2Fwp%2Fv2%2Ftags&post=5273"}],"curies":[{"name":"wp","href":"https:\/\/api.w.org\/{rel}","templated":true}]}}