{"id":5282,"date":"2024-11-09T16:33:34","date_gmt":"2024-11-09T15:33:34","guid":{"rendered":"https:\/\/wgphoto.pl\/t\/?p=5282"},"modified":"2024-11-09T16:33:34","modified_gmt":"2024-11-09T15:33:34","slug":"dienstfahrt","status":"publish","type":"post","link":"https:\/\/wgphoto.pl\/t\/?p=5282","title":{"rendered":"Dienstfahrt"},"content":{"rendered":"\n<figure class=\"wp-block-image aligncenter size-full\"><img loading=\"lazy\" decoding=\"async\" width=\"1050\" height=\"700\" src=\"https:\/\/wgphoto.pl\/t\/wp-content\/uploads\/2024\/11\/DSCF7660.jpg\" alt=\"\" class=\"wp-image-5283\" srcset=\"https:\/\/wgphoto.pl\/t\/wp-content\/uploads\/2024\/11\/DSCF7660.jpg 1050w, https:\/\/wgphoto.pl\/t\/wp-content\/uploads\/2024\/11\/DSCF7660-300x200.jpg 300w, https:\/\/wgphoto.pl\/t\/wp-content\/uploads\/2024\/11\/DSCF7660-768x512.jpg 768w\" sizes=\"auto, (max-width: 1050px) 100vw, 1050px\" \/><\/figure>\n\n\n\n<div class=\"wp-block-group has-global-padding is-layout-constrained wp-block-group-is-layout-constrained\">\n<p>Lipsk, zajezdnia Paunsdorf. To moje ulubione z tej seryjki &#8211; podoba mi si\u0119 prawie r\u00f3wne ustawienie wagon\u00f3w. 28.09.2008<\/p>\n<\/div>\n","protected":false},"excerpt":{"rendered":"<p>Lipsk, zajezdnia Paunsdorf. To moje ulubione z tej seryjki &#8211; podoba mi si\u0119 prawie r\u00f3wne ustawienie wagon\u00f3w. 28.09.2008<\/p>\n","protected":false},"author":1,"featured_media":5283,"comment_status":"open","ping_status":"","sticky":false,"template":"","format":"standard","meta":{"footnotes":""},"categories":[120,3],"tags":[2063,1180,1179,23,1112,841,138],"class_list":["post-5282","post","type-post","status-publish","format-standard","has-post-thumbnail","hentry","category-rok-2008","category-tramwaj","tag-2008-09-28","tag-lipsk","tag-lvb-leipzig","tag-niemcy","tag-tatra-t4","tag-tatra-t6","tag-zajezdnia"],"_links":{"self":[{"href":"https:\/\/wgphoto.pl\/t\/index.php?rest_route=\/wp\/v2\/posts\/5282","targetHints":{"allow":["GET"]}}],"collection":[{"href":"https:\/\/wgphoto.pl\/t\/index.php?rest_route=\/wp\/v2\/posts"}],"about":[{"href":"https:\/\/wgphoto.pl\/t\/index.php?rest_route=\/wp\/v2\/types\/post"}],"author":[{"embeddable":true,"href":"https:\/\/wgphoto.pl\/t\/index.php?rest_route=\/wp\/v2\/users\/1"}],"replies":[{"embeddable":true,"href":"https:\/\/wgphoto.pl\/t\/index.php?rest_route=%2Fwp%2Fv2%2Fcomments&post=5282"}],"version-history":[{"count":1,"href":"https:\/\/wgphoto.pl\/t\/index.php?rest_route=\/wp\/v2\/posts\/5282\/revisions"}],"predecessor-version":[{"id":5284,"href":"https:\/\/wgphoto.pl\/t\/index.php?rest_route=\/wp\/v2\/posts\/5282\/revisions\/5284"}],"wp:featuredmedia":[{"embeddable":true,"href":"https:\/\/wgphoto.pl\/t\/index.php?rest_route=\/wp\/v2\/media\/5283"}],"wp:attachment":[{"href":"https:\/\/wgphoto.pl\/t\/index.php?rest_route=%2Fwp%2Fv2%2Fmedia&parent=5282"}],"wp:term":[{"taxonomy":"category","embeddable":true,"href":"https:\/\/wgphoto.pl\/t\/index.php?rest_route=%2Fwp%2Fv2%2Fcategories&post=5282"},{"taxonomy":"post_tag","embeddable":true,"href":"https:\/\/wgphoto.pl\/t\/index.php?rest_route=%2Fwp%2Fv2%2Ftags&post=5282"}],"curies":[{"name":"wp","href":"https:\/\/api.w.org\/{rel}","templated":true}]}}