{"id":5291,"date":"2024-11-09T17:00:47","date_gmt":"2024-11-09T16:00:47","guid":{"rendered":"https:\/\/wgphoto.pl\/t\/?p=5291"},"modified":"2024-11-09T17:00:47","modified_gmt":"2024-11-09T16:00:47","slug":"koloseum","status":"publish","type":"post","link":"https:\/\/wgphoto.pl\/t\/?p=5291","title":{"rendered":"Koloseum"},"content":{"rendered":"\n<figure class=\"wp-block-image aligncenter size-full\"><img loading=\"lazy\" decoding=\"async\" width=\"1200\" height=\"795\" src=\"https:\/\/wgphoto.pl\/t\/wp-content\/uploads\/2024\/11\/IMGP8467.jpg\" alt=\"\" class=\"wp-image-5292\" srcset=\"https:\/\/wgphoto.pl\/t\/wp-content\/uploads\/2024\/11\/IMGP8467.jpg 1200w, https:\/\/wgphoto.pl\/t\/wp-content\/uploads\/2024\/11\/IMGP8467-300x199.jpg 300w, https:\/\/wgphoto.pl\/t\/wp-content\/uploads\/2024\/11\/IMGP8467-768x509.jpg 768w\" sizes=\"auto, (max-width: 1200px) 100vw, 1200px\" \/><\/figure>\n\n\n\n<div class=\"wp-block-group has-global-padding is-layout-constrained wp-block-group-is-layout-constrained\">\n<p>Rzym, Via Labicana. Sfotografowanie tramwaju z Koloseum przez d\u0142u\u017cszy czas by\u0142o niemo\u017cliwe (lub co najmniej utrudnione &#8211; bo chyba dojazdy z\/do zajezdni odbywa\u0142y si\u0119 tym odcinkiem), gdy\u017c na tr\u00f3jce permanentnie kursowa\u0142y zatramwaje. Sytuacja uleg\u0142a zmianie w zesz\u0142ym roku, gdy na 3\/4 d\u0142ugo\u015bci trasy tej linii powr\u00f3ci\u0142y tramwaje. 11.11.2014<\/p>\n<\/div>\n","protected":false},"excerpt":{"rendered":"<p>Rzym, Via Labicana. Sfotografowanie tramwaju z Koloseum przez d\u0142u\u017cszy czas by\u0142o niemo\u017cliwe (lub co najmniej utrudnione &#8211; bo chyba dojazdy z\/do zajezdni odbywa\u0142y si\u0119 tym odcinkiem), gdy\u017c na tr\u00f3jce permanentnie kursowa\u0142y zatramwaje. Sytuacja uleg\u0142a zmianie w zesz\u0142ym roku, gdy na 3\/4 d\u0142ugo\u015bci trasy tej linii powr\u00f3ci\u0142y tramwaje. 11.11.2014<\/p>\n","protected":false},"author":1,"featured_media":5292,"comment_status":"open","ping_status":"","sticky":false,"template":"","format":"standard","meta":{"footnotes":""},"categories":[48,3],"tags":[1032,34,1029,1031,110],"class_list":["post-5291","post","type-post","status-publish","format-standard","has-post-thumbnail","hentry","category-rok-2014","category-tramwaj","tag-2014-11-11","tag-architektura","tag-atac-roma","tag-rzym","tag-wlochy"],"_links":{"self":[{"href":"https:\/\/wgphoto.pl\/t\/index.php?rest_route=\/wp\/v2\/posts\/5291","targetHints":{"allow":["GET"]}}],"collection":[{"href":"https:\/\/wgphoto.pl\/t\/index.php?rest_route=\/wp\/v2\/posts"}],"about":[{"href":"https:\/\/wgphoto.pl\/t\/index.php?rest_route=\/wp\/v2\/types\/post"}],"author":[{"embeddable":true,"href":"https:\/\/wgphoto.pl\/t\/index.php?rest_route=\/wp\/v2\/users\/1"}],"replies":[{"embeddable":true,"href":"https:\/\/wgphoto.pl\/t\/index.php?rest_route=%2Fwp%2Fv2%2Fcomments&post=5291"}],"version-history":[{"count":1,"href":"https:\/\/wgphoto.pl\/t\/index.php?rest_route=\/wp\/v2\/posts\/5291\/revisions"}],"predecessor-version":[{"id":5293,"href":"https:\/\/wgphoto.pl\/t\/index.php?rest_route=\/wp\/v2\/posts\/5291\/revisions\/5293"}],"wp:featuredmedia":[{"embeddable":true,"href":"https:\/\/wgphoto.pl\/t\/index.php?rest_route=\/wp\/v2\/media\/5292"}],"wp:attachment":[{"href":"https:\/\/wgphoto.pl\/t\/index.php?rest_route=%2Fwp%2Fv2%2Fmedia&parent=5291"}],"wp:term":[{"taxonomy":"category","embeddable":true,"href":"https:\/\/wgphoto.pl\/t\/index.php?rest_route=%2Fwp%2Fv2%2Fcategories&post=5291"},{"taxonomy":"post_tag","embeddable":true,"href":"https:\/\/wgphoto.pl\/t\/index.php?rest_route=%2Fwp%2Fv2%2Ftags&post=5291"}],"curies":[{"name":"wp","href":"https:\/\/api.w.org\/{rel}","templated":true}]}}