{"id":5297,"date":"2024-11-09T19:36:47","date_gmt":"2024-11-09T18:36:47","guid":{"rendered":"https:\/\/wgphoto.pl\/t\/?p=5297"},"modified":"2024-11-09T19:36:47","modified_gmt":"2024-11-09T18:36:47","slug":"kadan-przedmiescie","status":"publish","type":"post","link":"https:\/\/wgphoto.pl\/t\/?p=5297","title":{"rendered":"Kada\u0148 przedmie\u015bcie"},"content":{"rendered":"\n<figure class=\"wp-block-image aligncenter size-full\"><img loading=\"lazy\" decoding=\"async\" width=\"1200\" height=\"800\" src=\"https:\/\/wgphoto.pl\/t\/wp-content\/uploads\/2024\/11\/IMGP3178.jpg\" alt=\"\" class=\"wp-image-5298\" srcset=\"https:\/\/wgphoto.pl\/t\/wp-content\/uploads\/2024\/11\/IMGP3178.jpg 1200w, https:\/\/wgphoto.pl\/t\/wp-content\/uploads\/2024\/11\/IMGP3178-300x200.jpg 300w, https:\/\/wgphoto.pl\/t\/wp-content\/uploads\/2024\/11\/IMGP3178-768x512.jpg 768w\" sizes=\"auto, (max-width: 1200px) 100vw, 1200px\" \/><\/figure>\n\n\n\n<div class=\"wp-block-group has-global-padding is-layout-constrained wp-block-group-is-layout-constrained\">\n<p>Poci\u0105g osobowy 17645 relacji Kada\u0148 p\u0159edm\u011bst\u00ed &#8211; Kada\u0148-Prun\u00e9\u0159ov sfotografowany zosta\u0142 na chwil\u0119 przed wyruszeniem w 6-kilometrowy kurs, maj\u0105cy za zadanie otworzy\u0107 na kolejowy \u015bwiat 18-tysi\u0119czn\u0105 Kada\u0148, kt\u00f3ra ma pecha le\u017ce\u0107 poza przebiegiem magistrali podrudawskiej (g\u0142\u00f3wna linia kolejowa p\u00f3\u0142nocnych Czech, \u0142\u0105cz\u0105ca \u00dast\u00ed nad Labem, Chomutov, Karlovy Vary i Cheb). Prezentowany przystanek jest &#8222;ko\u0144cem \u015bwiata&#8221; w sensie ofertowym; tor prowadzi 24 km dalej, do w\u0119z\u0142owych Ka\u0161tic (linia \u017datec &#8211; Pilzno). 30.03.2014<\/p>\n<\/div>\n","protected":false},"excerpt":{"rendered":"<p>Poci\u0105g osobowy 17645 relacji Kada\u0148 p\u0159edm\u011bst\u00ed &#8211; Kada\u0148-Prun\u00e9\u0159ov sfotografowany zosta\u0142 na chwil\u0119 przed wyruszeniem w 6-kilometrowy kurs, maj\u0105cy za zadanie otworzy\u0107 na kolejowy \u015bwiat 18-tysi\u0119czn\u0105 Kada\u0148, kt\u00f3ra ma pecha le\u017ce\u0107 poza przebiegiem magistrali podrudawskiej (g\u0142\u00f3wna linia kolejowa p\u00f3\u0142nocnych Czech, \u0142\u0105cz\u0105ca \u00dast\u00ed nad Labem, Chomutov, Karlovy Vary i Cheb). Prezentowany przystanek jest &#8222;ko\u0144cem \u015bwiata&#8221; w sensie [&hellip;]<\/p>\n","protected":false},"author":1,"featured_media":5298,"comment_status":"open","ping_status":"","sticky":false,"template":"","format":"standard","meta":{"footnotes":""},"categories":[2,48],"tags":[2066,211,34,50,49,212,173,94,176,213],"class_list":["post-5297","post","type-post","status-publish","format-standard","has-post-thumbnail","hentry","category-kolej","category-rok-2014","tag-2014-03-30","tag-211","tag-architektura","tag-cd","tag-czechy","tag-kadan-predmesti","tag-koncowki","tag-na-kolejowym-koncu-swiata","tag-rano","tag-tab-cz143"],"_links":{"self":[{"href":"https:\/\/wgphoto.pl\/t\/index.php?rest_route=\/wp\/v2\/posts\/5297","targetHints":{"allow":["GET"]}}],"collection":[{"href":"https:\/\/wgphoto.pl\/t\/index.php?rest_route=\/wp\/v2\/posts"}],"about":[{"href":"https:\/\/wgphoto.pl\/t\/index.php?rest_route=\/wp\/v2\/types\/post"}],"author":[{"embeddable":true,"href":"https:\/\/wgphoto.pl\/t\/index.php?rest_route=\/wp\/v2\/users\/1"}],"replies":[{"embeddable":true,"href":"https:\/\/wgphoto.pl\/t\/index.php?rest_route=%2Fwp%2Fv2%2Fcomments&post=5297"}],"version-history":[{"count":1,"href":"https:\/\/wgphoto.pl\/t\/index.php?rest_route=\/wp\/v2\/posts\/5297\/revisions"}],"predecessor-version":[{"id":5299,"href":"https:\/\/wgphoto.pl\/t\/index.php?rest_route=\/wp\/v2\/posts\/5297\/revisions\/5299"}],"wp:featuredmedia":[{"embeddable":true,"href":"https:\/\/wgphoto.pl\/t\/index.php?rest_route=\/wp\/v2\/media\/5298"}],"wp:attachment":[{"href":"https:\/\/wgphoto.pl\/t\/index.php?rest_route=%2Fwp%2Fv2%2Fmedia&parent=5297"}],"wp:term":[{"taxonomy":"category","embeddable":true,"href":"https:\/\/wgphoto.pl\/t\/index.php?rest_route=%2Fwp%2Fv2%2Fcategories&post=5297"},{"taxonomy":"post_tag","embeddable":true,"href":"https:\/\/wgphoto.pl\/t\/index.php?rest_route=%2Fwp%2Fv2%2Ftags&post=5297"}],"curies":[{"name":"wp","href":"https:\/\/api.w.org\/{rel}","templated":true}]}}