{"id":5300,"date":"2024-11-09T19:40:36","date_gmt":"2024-11-09T18:40:36","guid":{"rendered":"https:\/\/wgphoto.pl\/t\/?p=5300"},"modified":"2025-01-23T21:12:51","modified_gmt":"2025-01-23T20:12:51","slug":"pireus","status":"publish","type":"post","link":"https:\/\/wgphoto.pl\/t\/?p=5300","title":{"rendered":"Pireus"},"content":{"rendered":"\n<figure class=\"wp-block-image aligncenter size-full\"><img loading=\"lazy\" decoding=\"async\" width=\"1200\" height=\"795\" src=\"https:\/\/wgphoto.pl\/t\/wp-content\/uploads\/2024\/11\/IMGP8094.jpg\" alt=\"\" class=\"wp-image-5301\" srcset=\"https:\/\/wgphoto.pl\/t\/wp-content\/uploads\/2024\/11\/IMGP8094.jpg 1200w, https:\/\/wgphoto.pl\/t\/wp-content\/uploads\/2024\/11\/IMGP8094-300x199.jpg 300w, https:\/\/wgphoto.pl\/t\/wp-content\/uploads\/2024\/11\/IMGP8094-768x509.jpg 768w\" sizes=\"auto, (max-width: 1200px) 100vw, 1200px\" \/><\/figure>\n\n\n\n<div class=\"wp-block-group has-global-padding is-layout-constrained wp-block-group-is-layout-constrained\">\n<p>Pierwsza (i a\u017c do 2000 roku jedyna) linia ate\u0144skiego metra wywodzi si\u0119 z pierwszej linii kolejowej na ziemiach greckich, uruchomionej w 1869 roku. Jako metro funkcjonuje od roku 1957. Wsp\u00f3\u0142czesny wygl\u0105d tej trasy jest, rzecz jasna, efektem wielu przebud\u00f3w, ale ko\u0144cowa stacja w Pireusie, prezentowana powy\u017cej, jest jedn\u0105 z pami\u0105tek po niegdysiejszej &#8222;prawdziwej&#8221; kolei &#8211; st\u0105d te\u017c taka sympatyczna architektura w metrze. D\u0142ugo\u015b\u0107 peron\u00f3w dostosowana jest do 6-wagonowych poci\u0105g\u00f3w, lecz w ruchu trafi\u0107 mo\u017cna tak\u017ce sk\u0142ady o jedn\u0105 generacj\u0119 starsze, kursuj\u0105ce w zestawach 5-wagonowych. Spotkanie kr\u00f3tszych poci\u0105g\u00f3w by\u0142o warunkiem wykonania takiego kadru (sk\u0142ad 6-wagonowy ma czo\u0142o na wysoko\u015bci barierki ko\u0144cz\u0105cej peron), na szcz\u0119\u015bcie cierpliwo\u015b\u0107 si\u0119 op\u0142aci\u0142a. 06.11.2014<\/p>\n<\/div>\n","protected":false},"excerpt":{"rendered":"<p>Pierwsza (i a\u017c do 2000 roku jedyna) linia ate\u0144skiego metra wywodzi si\u0119 z pierwszej linii kolejowej na ziemiach greckich, uruchomionej w 1869 roku. Jako metro funkcjonuje od roku 1957. Wsp\u00f3\u0142czesny wygl\u0105d tej trasy jest, rzecz jasna, efektem wielu przebud\u00f3w, ale ko\u0144cowa stacja w Pireusie, prezentowana powy\u017cej, jest jedn\u0105 z pami\u0105tek po niegdysiejszej &#8222;prawdziwej&#8221; kolei &#8211; [&hellip;]<\/p>\n","protected":false},"author":1,"featured_media":5301,"comment_status":"open","ping_status":"","sticky":false,"template":"","format":"standard","meta":{"footnotes":""},"categories":[4,48],"tags":[1016,1015,1014,179,173,3025,2067,223,1017],"class_list":["post-5300","post","type-post","status-publish","format-standard","has-post-thumbnail","hentry","category-metro","category-rok-2014","tag-2014-11-06","tag-ateny","tag-grecja","tag-hala-peronowa","tag-koncowki","tag-metro-ateny","tag-pireus","tag-symetria","tag-1017"],"_links":{"self":[{"href":"https:\/\/wgphoto.pl\/t\/index.php?rest_route=\/wp\/v2\/posts\/5300","targetHints":{"allow":["GET"]}}],"collection":[{"href":"https:\/\/wgphoto.pl\/t\/index.php?rest_route=\/wp\/v2\/posts"}],"about":[{"href":"https:\/\/wgphoto.pl\/t\/index.php?rest_route=\/wp\/v2\/types\/post"}],"author":[{"embeddable":true,"href":"https:\/\/wgphoto.pl\/t\/index.php?rest_route=\/wp\/v2\/users\/1"}],"replies":[{"embeddable":true,"href":"https:\/\/wgphoto.pl\/t\/index.php?rest_route=%2Fwp%2Fv2%2Fcomments&post=5300"}],"version-history":[{"count":1,"href":"https:\/\/wgphoto.pl\/t\/index.php?rest_route=\/wp\/v2\/posts\/5300\/revisions"}],"predecessor-version":[{"id":5302,"href":"https:\/\/wgphoto.pl\/t\/index.php?rest_route=\/wp\/v2\/posts\/5300\/revisions\/5302"}],"wp:featuredmedia":[{"embeddable":true,"href":"https:\/\/wgphoto.pl\/t\/index.php?rest_route=\/wp\/v2\/media\/5301"}],"wp:attachment":[{"href":"https:\/\/wgphoto.pl\/t\/index.php?rest_route=%2Fwp%2Fv2%2Fmedia&parent=5300"}],"wp:term":[{"taxonomy":"category","embeddable":true,"href":"https:\/\/wgphoto.pl\/t\/index.php?rest_route=%2Fwp%2Fv2%2Fcategories&post=5300"},{"taxonomy":"post_tag","embeddable":true,"href":"https:\/\/wgphoto.pl\/t\/index.php?rest_route=%2Fwp%2Fv2%2Ftags&post=5300"}],"curies":[{"name":"wp","href":"https:\/\/api.w.org\/{rel}","templated":true}]}}