{"id":5320,"date":"2024-11-09T20:02:33","date_gmt":"2024-11-09T19:02:33","guid":{"rendered":"https:\/\/wgphoto.pl\/t\/?p=5320"},"modified":"2024-11-09T21:28:31","modified_gmt":"2024-11-09T20:28:31","slug":"o-zwiazkach-niemiecko-rumun%c2%9eskich","status":"publish","type":"post","link":"https:\/\/wgphoto.pl\/t\/?p=5320","title":{"rendered":"O zwi\u0105zkach niemiecko-rumu\u0144skich"},"content":{"rendered":"\n<figure class=\"wp-block-image aligncenter size-full\"><img loading=\"lazy\" decoding=\"async\" width=\"1200\" height=\"795\" src=\"https:\/\/wgphoto.pl\/t\/wp-content\/uploads\/2024\/11\/IMGP2273.jpg\" alt=\"\" class=\"wp-image-5321\" srcset=\"https:\/\/wgphoto.pl\/t\/wp-content\/uploads\/2024\/11\/IMGP2273.jpg 1200w, https:\/\/wgphoto.pl\/t\/wp-content\/uploads\/2024\/11\/IMGP2273-300x199.jpg 300w, https:\/\/wgphoto.pl\/t\/wp-content\/uploads\/2024\/11\/IMGP2273-768x509.jpg 768w\" sizes=\"auto, (max-width: 1200px) 100vw, 1200px\" \/><\/figure>\n\n\n\n<div class=\"wp-block-group has-global-padding is-layout-constrained wp-block-group-is-layout-constrained\">\n<p>Timisoara, Strada Ion Mihalache. W nawi\u0105zaniu do zdj\u0119cia z Lipska sprzed kilku dni przypomnia\u0142em sobie o tym kadrze, chocia\u017c foto rumu\u0144skie powsta\u0142o w zupe\u0142nie innych okoliczno\u015bciach. Wcale nie mia\u0142em wtedy skojarze\u0144 z odrapanymi kamienicami zza mojego okna, lecz zwr\u00f3ci\u0142em uwag\u0119 na naro\u017cn\u0105 wie\u017cyczk\u0119 o kszta\u0142tach charakterystycznych dla miejscowej architektury, zupe\u0142nie innej od niemieckiej. A skoro ju\u017c przy Niemczech jeste\u015bmy &#8211; ten wyj\u0105tkowo paskudny tramwaj pochodzi w\u0142a\u015bnie stamt\u0105d, do 2010 roku kursowa\u0142 po Bremie. 20.08.2015<\/p>\n<\/div>\n","protected":false},"excerpt":{"rendered":"<p>Timisoara, Strada Ion Mihalache. W nawi\u0105zaniu do zdj\u0119cia z Lipska sprzed kilku dni przypomnia\u0142em sobie o tym kadrze, chocia\u017c foto rumu\u0144skie powsta\u0142o w zupe\u0142nie innych okoliczno\u015bciach. Wcale nie mia\u0142em wtedy skojarze\u0144 z odrapanymi kamienicami zza mojego okna, lecz zwr\u00f3ci\u0142em uwag\u0119 na naro\u017cn\u0105 wie\u017cyczk\u0119 o kszta\u0142tach charakterystycznych dla miejscowej architektury, zupe\u0142nie innej od niemieckiej. A skoro [&hellip;]<\/p>\n","protected":false},"author":1,"featured_media":5321,"comment_status":"open","ping_status":"","sticky":false,"template":"","format":"standard","meta":{"footnotes":""},"categories":[104,3],"tags":[1301,34,13,1174,1175,574,1176,107],"class_list":["post-5320","post","type-post","status-publish","format-standard","has-post-thumbnail","hentry","category-rok-2015","category-tramwaj","tag-2015-08-20","tag-architektura","tag-deszcz","tag-gt4","tag-ratt-timisoara","tag-rumunia","tag-timisoara","tag-wakacje-2015"],"_links":{"self":[{"href":"https:\/\/wgphoto.pl\/t\/index.php?rest_route=\/wp\/v2\/posts\/5320","targetHints":{"allow":["GET"]}}],"collection":[{"href":"https:\/\/wgphoto.pl\/t\/index.php?rest_route=\/wp\/v2\/posts"}],"about":[{"href":"https:\/\/wgphoto.pl\/t\/index.php?rest_route=\/wp\/v2\/types\/post"}],"author":[{"embeddable":true,"href":"https:\/\/wgphoto.pl\/t\/index.php?rest_route=\/wp\/v2\/users\/1"}],"replies":[{"embeddable":true,"href":"https:\/\/wgphoto.pl\/t\/index.php?rest_route=%2Fwp%2Fv2%2Fcomments&post=5320"}],"version-history":[{"count":2,"href":"https:\/\/wgphoto.pl\/t\/index.php?rest_route=\/wp\/v2\/posts\/5320\/revisions"}],"predecessor-version":[{"id":5366,"href":"https:\/\/wgphoto.pl\/t\/index.php?rest_route=\/wp\/v2\/posts\/5320\/revisions\/5366"}],"wp:featuredmedia":[{"embeddable":true,"href":"https:\/\/wgphoto.pl\/t\/index.php?rest_route=\/wp\/v2\/media\/5321"}],"wp:attachment":[{"href":"https:\/\/wgphoto.pl\/t\/index.php?rest_route=%2Fwp%2Fv2%2Fmedia&parent=5320"}],"wp:term":[{"taxonomy":"category","embeddable":true,"href":"https:\/\/wgphoto.pl\/t\/index.php?rest_route=%2Fwp%2Fv2%2Fcategories&post=5320"},{"taxonomy":"post_tag","embeddable":true,"href":"https:\/\/wgphoto.pl\/t\/index.php?rest_route=%2Fwp%2Fv2%2Ftags&post=5320"}],"curies":[{"name":"wp","href":"https:\/\/api.w.org\/{rel}","templated":true}]}}